{"id":216353,"date":"2016-11-09T12:45:40","date_gmt":"2016-11-09T11:45:40","guid":{"rendered":"http:\/\/www.pcnen.com\/portal\/?p=216353"},"modified":"2020-01-01T15:36:56","modified_gmt":"2020-01-01T14:36:56","slug":"gospodinu-mustaficu-da-budemo-nacistoopet","status":"publish","type":"post","link":"https:\/\/www.pcnen.com\/portal\/2016\/11\/09\/gospodinu-mustaficu-da-budemo-nacistoopet\/","title":{"rendered":"Gospodinu Mustafi\u0107u \u2013 da budemo na\u010disto (opet)"},"content":{"rendered":"<p><em>Ovo sam Vam napisao prije \u010detiri godine gospodine Mustafi\u0107u. Kao \u0161to sam predpostavio tada, Vi ste ponovo u\u0161li u koaliciju sa DPS-om. Sve ovo Vam ponavljam i danas, jer je i danas aktuelno, \u010dak mnogo aktuelnije, jer sad sve zavisi isklju\u010divo od Vas.<\/em><\/p>\n<p><a href=\"http:\/\/www.pcnen.com\/portal\/wp-content\/uploads\/2012\/11\/hapsenja_i_deportacija_Crna_Gora.jpg\"><img loading=\"lazy\" decoding=\"async\" class=\"alignright size-medium wp-image-99444\" src=\"http:\/\/www.pcnen.com\/portal\/wp-content\/uploads\/2012\/11\/hapsenja_i_deportacija_Crna_Gora-300x138.jpg\" alt=\"hapsenja_i_deportacija_Crna_Gora\" width=\"300\" height=\"138\" \/><\/a>\u017delim Vam, ovako javno, iznijeti neke konstatacije, postaviti nekoliko pitanja, kako bi, eventualno, rije\u0161ili mnoge moje nedoumice, ispravili me, otklonili zablude u kojima se, mogu\u0107e, nalazim. Mislim da mi ne\u0107ete odgovoriti, niti se osvrnuti na ovaj moj komentar, ali, eto, da poku\u0161am.<\/p>\n<p>Jer, ko sam ja, i odakle mi pravo da postavljam Vama pitanja? Nemam \u201c izborni legitimitet\u201d, nijesam poznat i prepoznat kao \u201cistaknuti javni, kulturni, politi\u010dki ili vjerski predstavnik Bo\u0161njaka\/Muslimana\u201d, ina\u010de bih bio pozivan od strane ameri\u010dke ambasade i ambasadora na iftarsku ve\u010deru, zar ne? Nijesam, \u010dak, ni glasa\u010d Va\u0161e partije. Jedino \u0161to sam Bo\u0161njak po nacionalnosti, kako sam se i izjasnio na popisu.<\/p>\n<p><a href=\"http:\/\/www.pcnen.com\/portal\/wp-content\/uploads\/2016\/11\/djukanovicnadubrovackom.jpg\"><img loading=\"lazy\" decoding=\"async\" class=\"alignleft size-medium wp-image-216364\" src=\"http:\/\/www.pcnen.com\/portal\/wp-content\/uploads\/2016\/11\/djukanovicnadubrovackom-300x209.jpg\" alt=\"djukanovicnadubrovackom\" width=\"300\" height=\"209\" srcset=\"https:\/\/www.pcnen.com\/portal\/wp-content\/uploads\/2016\/11\/djukanovicnadubrovackom-300x209.jpg 300w, https:\/\/www.pcnen.com\/portal\/wp-content\/uploads\/2016\/11\/djukanovicnadubrovackom-450x314.jpg 450w, https:\/\/www.pcnen.com\/portal\/wp-content\/uploads\/2016\/11\/djukanovicnadubrovackom-480x335.jpg 480w, https:\/\/www.pcnen.com\/portal\/wp-content\/uploads\/2016\/11\/djukanovicnadubrovackom-235x164.jpg 235w, https:\/\/www.pcnen.com\/portal\/wp-content\/uploads\/2016\/11\/djukanovicnadubrovackom-75x52.jpg 75w, https:\/\/www.pcnen.com\/portal\/wp-content\/uploads\/2016\/11\/djukanovicnadubrovackom-350x244.jpg 350w, https:\/\/www.pcnen.com\/portal\/wp-content\/uploads\/2016\/11\/djukanovicnadubrovackom-220x154.jpg 220w, https:\/\/www.pcnen.com\/portal\/wp-content\/uploads\/2016\/11\/djukanovicnadubrovackom.jpg 500w\" sizes=\"(max-width: 300px) 100vw, 300px\" \/><\/a>Dakle:<br \/>\nVi ste, gospodine Mustafi\u0107u, svojevremeno u\u0161li u predizbornu koaliciju sa DPS\/SDP. Tada ste otvorili site Bo\u0161nja\u010dke stranke, na kome je, pored ostalog, pisalo \u2013 parafraziram: \u201cNa sva pitanja posjetilaca site-a i komentatora u najkra\u0107em roku \u0107e odgovarati neko iz rukovodstva stranke\u201d. Tada sam, mislim pod nickom \u201cOmer S.\u201d, postavio 10-tak pitanja. Odgovor na njih nikada nijesam dobio, uprkos insistiranju dijela ostalih posjetilaca site-a da mi se odgovori na njih. Ponovit \u0107u neka od tih pitanja i konstatacija, dopuniti ih, pogotovo poslije dodatnih nedoumica koje ste kod mene izazvali gostuju\u0107i u emisiji TV Vijesti \u2013 \u201cNa\u010disto\u201d kao predstavnik Bo\u0161nja\u010dke stranke.<\/p>\n<p>Vi ka\u017eete da se vladaju\u0107a koalicija sa kojom ste do ju\u010de bili u vlasti i sa kojom \u0107ete \u2013 uvjeren sam u to \u2013 biti i nakon ovih izbora: \u201cogradila od zlo\u010dina koji su vr\u0161eni nad manjinskim narodima, posebno nad Bo\u0161njacima 90-tih godina, dok u opoziciji ima onih koji su ostali na istim pozicijama. Lider DF-a Leki\u0107 se nije decidirano izjasnio o genecidu u Srebrenici a neki od konstituenata DF-a su glasaili protiv rezolucije o njoj\u201d. Uglavnom je istina, i prvo i drugo.<\/p>\n<p><a href=\"http:\/\/www.pcnen.com\/portal\/wp-content\/uploads\/2016\/11\/Dzelati.jpg\"><img loading=\"lazy\" decoding=\"async\" class=\"alignleft size-medium wp-image-216365\" src=\"http:\/\/www.pcnen.com\/portal\/wp-content\/uploads\/2016\/11\/Dzelati-300x234.jpg\" alt=\"dzelati\" width=\"300\" height=\"234\" srcset=\"https:\/\/www.pcnen.com\/portal\/wp-content\/uploads\/2016\/11\/Dzelati-300x234.jpg 300w, https:\/\/www.pcnen.com\/portal\/wp-content\/uploads\/2016\/11\/Dzelati-450x350.jpg 450w, https:\/\/www.pcnen.com\/portal\/wp-content\/uploads\/2016\/11\/Dzelati-480x374.jpg 480w, https:\/\/www.pcnen.com\/portal\/wp-content\/uploads\/2016\/11\/Dzelati-235x183.jpg 235w, https:\/\/www.pcnen.com\/portal\/wp-content\/uploads\/2016\/11\/Dzelati-75x58.jpg 75w, https:\/\/www.pcnen.com\/portal\/wp-content\/uploads\/2016\/11\/Dzelati-350x272.jpg 350w, https:\/\/www.pcnen.com\/portal\/wp-content\/uploads\/2016\/11\/Dzelati-220x171.jpg 220w, https:\/\/www.pcnen.com\/portal\/wp-content\/uploads\/2016\/11\/Dzelati.jpg 600w\" sizes=\"(max-width: 300px) 100vw, 300px\" \/><\/a>Me\u0111utim, su\u0161tinska razlika je, po meni, slede\u0107a: DPS sa kojim ste bili u koalcijji (a vjerovatno \u0107ete opet biti) je bio politi\u010dki, vojni i propagandni saveznik tada ratnog Beograda i Bosanskih Srba, pru\u017eaju\u0107i im sve vrste pomo\u0107i. Dakle, Va\u0161 koalicioni partner je, \u0161to direktno \u0161to indirektno, u\u010destvovao u agresiji na BiH, opsadi Sarajeva, genocidu u Srebrenici. Dio opozicije (podvla\u010dim ovo DIO) je retori\u010dki tako\u0111e bio za to, nije se ogradio od navedenih zlodjela i zlo\u010dina. Ali, kao opzicija tada, i sada, nijesu konkretno tome doprinijeli. DPS jeste veoma konkretno. Da banalizujem: po Va\u0161oj logici, plja\u010dka\u0161 banke poslije izvr\u0161ene plja\u010dke i kasnijeg izvinjenja (pitanje da li iskrenog) je prihvatljiviji &#8211; \u201cpo\u0161teniji\u201d, od onog koji opravdava plja\u010dku ali je nije izvr\u0161io.<\/p>\n<p>Kako sam sam svjedok navedenih doga\u0111aja, znam i tvrdim slede\u0107e: dio opozicije, ba\u0161 dio ljudi iz tog DF-a je tih 90-tih aktivno u\u010destvovao u antiratnim protestima i mitinzima, javno osu\u0111uju\u0107i ratnu i \u0161ovinisti\u010dko-fa\u0161isti\u010dku politiku DPS-a. Jedan budu\u0107i poslanik DF-a je javno, li\u010dno sam svjedok, 1993\/1994 godine nosio bed\u017e na kojem je pisalo \u201cSarajevo ljubavi moja\u201d. Zbog takvih stvari, u tom vremenu, mogla se izgubiti \u010dak i glava. U isto vrijeme, Va\u0161 sada\u0161nji i budu\u0107i koalicioni partner je monolitno, bez izuzetaka i rezerve, bio uz Beogradskog nepomena, Karad\u017ei\u0107a i Mladi\u0107a.<\/p>\n<p>U intervjuu Vi, tako\u0111e, ka\u017eete da je ve\u0107i dio opozicije protiv NATO integracija, te i zbog toga imate rezerve prema njoj, jer je u\u010dlanjenje u NATO savez Va\u0161 strate\u0161ki cilj kao i Va\u0161ih dosada\u0161njih koalicionih partnera. Istovremeno isti\u010dete da ste vjernik, i to ne ovaj novokompovani, ve\u0107 da od davnina prakticirate vjeru, redovno posje\u0107ujete d\u017eamiju, klanjate pet vakata namaza\u2026 &#8211; \u0161to veoma po\u0161tujem. Kuran ka\u017ee da su svi muslimani svijeta bra\u0107a, ma \u0111e se nalazili i bili. NATO savez, za kojim \u201ccrkoste\u201d &#8211; \u0161to bi po na\u0161ki rekli, je izveo najgrublje osvaja\u010dke intervencije (zbog resursa) u nizu prete\u017eno islamskih zemalja (Irak, Afganistan, Libija) potpuno ih razaraju\u0107i, ubijaju\u0107i desetine hiljada civilla (bra\u0107e muslimana!), usput instaliraju\u0107i marionetske vlade. Iza NATO-a za koji se toliko zala\u017eete,stoji prvenstveno Amerika &#8211; \u0161to svi znamo, koja jo\u0161 podr\u017eava ne\u010duvenu okupaciju Palestine i teror nad Palestincima od strane Izraela. Za razliku od Vas, ja nijesam toliki vjernik, iako na na neki svoj na\u010din vjerujem u Boga, pa stoga ne osje\u0107am sve muslimane svijeta (iako su mi bliski) onako kako ih Vi osje\u0107ate ili bi bar trebalo da ih osje\u0107ate, ali sam protiv NATO-a zbog gore navedenog: i kao Bo\u0161njak, a prije svega kao \u010dovjek.<br \/>\nKa\u017eete i da se na sjeveru \u0111e prete\u017eno \u017eive Bo\u0161njaci\/Muslimani \u017eivi veoma lo\u0161e, da narod zbog toga migrira (90-tih je migrirao najvi\u0161e zbog politi\u010dko-vjerskog progona Va\u0161eg koalicionog partnera), da je privreda skroz uni\u0161tena. Pitam Vas ko je uni\u0161tio tu privredu? Sjever je uvijek zaostajao u razvoju &#8211; to je \u010dinjenica, ali je \u010dinjenica da je za vrijeme vlasti Va\u0161eg koalicionog partnera uni\u0161teno i ono \u0161to je postojalo i radilo na sjeveru. Da ne nabrajam sve, dovoljno je da pomenem \u201cGornji Ibar &#8211; Ro\u017eaje\u201d, grad u kome ste \u201cpotukli\u201d DPS\/SDP.<br \/>\nDalje, navodite incidente koji su napravili aktivisti DPS-a prema Vama i visokim funkcionerima Va\u0161e partije u tek zavr\u0161enoj predizbornoj kampanji, te pritiske kojima su bili izlo\u017eeni Va\u0161i glasa\u010di. Ne vidite ni\u0161te \u010dudno \u0161to jedna \u201creformisana, demokratska, po\u017eeljna partija za koaliciju\u201d radi takve stvari, a ne ovi \u201c\u010detnici\u201d iz opozicije? Pitate li se kako je tek onim simpatizerima manje po\u017eeljnih opozicionih partija? I \u010dak tvrdite da sami vrh DPS to ne zna (\u0110ukanovi\u0107), da to na svoju ruku rade njihovi lokalni funkcioneri. Sve me to neodoljivo podje\u0107a na onu pri\u010du: \u201cTito nije znao za Goli otok i tzv.lijeva skretanja\u201d.<\/p>\n<p>U intervjuu stalno tvrdite kako je DPS sada ne\u0161to drugo, promijenio je politiku, okrenuo se Crnoj Gori, promijenio odnos prema manjinama, ogradio se od 90-tih\u2026<\/p>\n<p>Ako je tako, kako ka\u017eete, onda mi, molim Vas, odgovorite kako to da je:<br \/>\n\u2013 Milan Radovi\u0107, tu\u017eilac u montiranom i sramnom procesu liderima SDA (Va\u0161im prete\u010dama), Ibrahima \u010ciki\u0107a kojem je medicinski dokazano da je 90% slijep \u0107ovjek optu\u017eio: \u201cda je njegovo zadu\u017eenje bilo da kao snajperista ubija Srbe\u201d. Taj gospodin, poslije toga, od Osnovnog tu\u017eioca u \u201creformisanom\u201d DPS-u meteorski napreduije i biva postavljen najprije za Sekretara Skup\u0161tine (tada je uni\u0161tena dokumentacija o deportaciji?!), zatim za direktora ZIKS-a?<br \/>\n\u2013 Veselin Veljovi\u0107, u\u010desnik u akcijama etni\u010dkog \u010di\u0161\u0107enja u Bukovici postao je Direktor policije?<br \/>\n\u2013 Mira\u0161 Radovi\u0107 \u2013 Dubrova\u010dki ratnik, postao je ministar pravde?<br \/>\n\u2013 Saborac \u010ceka Da\u010devi\u0107a iz opsade Pljevalja Filip Vukovi\u0107 postao DPS-ov gradona\u010delnik Pljevalja i poslanik u novom sazivu parlamenta rangiran na 27 mjestu?<br \/>\n\u2013 \u201cNovi i reformisani DPS\u201d jednog od najaginilnijih hu\u0161ka\u010da na Bo\u0161njake i BiH iz 90-tih, Novaka Kilibardu, poslao je za svog predstavnika u Sarajevu?<br \/>\n\u2013 Gorana Sita Rako\u010devi\u0107a, koji je napisao jedan od najogavnijih ratno-hu\u0161ka\u010dih tekstova protiv Hrvatske, u veoma \u017eestokoj konkurenciji po tom pitanju za vrijeme pohare Dubrovnika, \u0161alju za ambasadora u istu tu Hrvatsku?<br \/>\n\u2013 Slobodan Lekovi\u0107, do dana dana\u0161njeg nesmjenjivi predsjednik Komisije za sprje\u010davanje konflikta interesa, to postavljenje dobija poslije \u201cjuna\u0161tva\u201d iskazanog u prikupljanju dje\u010dijih patika na Dubrova\u010dkom rati\u0161tu, sve sa \u010dinom rezervnog kapetana?<br \/>\nI da ne nabrajam dalje, spisak bi bio poduga\u010dak.<a href=\"http:\/\/www.pcnen.com\/portal\/wp-content\/uploads\/2016\/11\/Dusko-srebren.2014.jpg\"><img loading=\"lazy\" decoding=\"async\" class=\"size-medium wp-image-216366\" src=\"http:\/\/www.pcnen.com\/portal\/wp-content\/uploads\/2016\/11\/Dusko-srebren.2014-300x225.jpg\" alt=\"DCIM100MEDIA\" width=\"300\" height=\"225\" srcset=\"https:\/\/www.pcnen.com\/portal\/wp-content\/uploads\/2016\/11\/Dusko-srebren.2014-300x225.jpg 300w, https:\/\/www.pcnen.com\/portal\/wp-content\/uploads\/2016\/11\/Dusko-srebren.2014-580x435.jpg 580w, https:\/\/www.pcnen.com\/portal\/wp-content\/uploads\/2016\/11\/Dusko-srebren.2014-450x338.jpg 450w, https:\/\/www.pcnen.com\/portal\/wp-content\/uploads\/2016\/11\/Dusko-srebren.2014-480x360.jpg 480w, https:\/\/www.pcnen.com\/portal\/wp-content\/uploads\/2016\/11\/Dusko-srebren.2014-235x176.jpg 235w, https:\/\/www.pcnen.com\/portal\/wp-content\/uploads\/2016\/11\/Dusko-srebren.2014-75x56.jpg 75w, https:\/\/www.pcnen.com\/portal\/wp-content\/uploads\/2016\/11\/Dusko-srebren.2014-350x263.jpg 350w, https:\/\/www.pcnen.com\/portal\/wp-content\/uploads\/2016\/11\/Dusko-srebren.2014-220x165.jpg 220w, https:\/\/www.pcnen.com\/portal\/wp-content\/uploads\/2016\/11\/Dusko-srebren.2014.jpg 600w\" sizes=\"(max-width: 300px) 100vw, 300px\" \/><\/a><\/p>\n<p>Gospodine Mustafi\u0107u,<br \/>\n20 godina je pro\u0161lo od u\u017easnih zlo\u010dina koji su pravljeni prema manjinama u Crnoj Gori. Navest \u0107u samo neke: \u0160trbci, deportacija, Dubrovnik, Bukovica, Pljevlja, su\u0111enje liderima SDA. Niko osim nekog bezna\u010dajnog Neboj\u0161e Ranisavljevi\u0107a nije odgovorao za te zlo\u010dine &#8211; za 20 godina! Kome to ne odgovara da se prona\u0111u krivci i nalogodavci zlo\u010dina, i \u010dijom politi\u010dkom (ne)voljom je to tako? Nije valjda opozicije? Pored toga, Vi u intervjuu imate smjelosti &#8211; mogu slobodno tako re\u0107i, da ka\u017eete kako ne znate ko je odgovoran za te zlo\u010dine, da li je to Beograd ili neko iz Crne Gore i da \u0107ete Vi insistirati da se ti zlo\u010dini rasvjetle. Kada gospodine Mustafi\u0107u? &#8211; 20 godina je pro\u0161lo, ponavljam.<\/p>\n<p>Moju malenkost 1992. godine je privela policija, ne poslata iz Beograda, ne vojna &#8211; ve\u0107 crnogorska. Ona na \u010dijem je \u010delu kao predsjednik vlade bio Milo \u0110ukanovi\u0107. Privela me i \u201cmaricom\u201d crnogorske policije odvela u kasarnu \u201cDanilovgrad\u201d i predala vojsci.. O tragi\u010dnim poslijedicama koje je po moju porodicu izazvalo to privo\u0111enje, prijetnjama ubistvom na licu mjesta zato \u0161to nikako nijesam htio da obu\u010dem uniformu mo\u017eda drugi put, jer je to duga i li\u010dna pri\u010da.<\/p>\n<p>Gospodine Mustafi\u0107u,<br \/>\nu tim vremenima, za mene (i mnoge druge) skoro nepodno\u0161ljivo te\u0161kim, u jednom trenutku sam se bio odlu\u010dio da emigriram i tra\u017eim politi\u010dki azil. Moj kum, koji se osje\u0107a dvojno (nije rijetka pojava), i kao Srbin i kao Crnogorac, koji tada li\u010dno nije bio ni\u010dim ugro\u017een mi je rekao: \u201cKume, napu\u0161tam i ja posao i idem sa tobom, ne\u0107emo se razdvajati, nema sre\u0107e ov\u0111e\u201d. Mo\u017eete zamisliti koliko mi je to tada zna\u010dilo? Sad taj moj kum jedva pre\u017eivljava (kao i ja), drugi tad nerezdvojan drug &#8211; Crnogorac, koji me je tada na neki na\u010din branio pru\u017eaju\u0107i mi podr\u0161ku, tako\u0111e sa porodicom \u017eivi u bijedi &#8211; nezaposlena \u201c\u017ertva tranzicije\u201d. Smatraju kao i ja, da ih je ova vlast dovela u takav polo\u017eaj. \u0160to da ka\u017eem mom kumu i drugu koji su tada onako stali uz mene i koji su tada bili stabilan srednji sloj, a sada se bore za goli opstanak, kada vide da Vi, moji ili \u201cmoji\u201d Bo\u0161njaci dajete podr\u0161ku onima koji su nas sve doveli u takvu situaciju, na prosja\u010dki \u0161tap? Razmi\u0161ljate li na mogu\u0107u budu\u0107u situaciju, da, kada ovaj re\u017eim padne i poka\u017eu se sva njegova nepo\u010dinstva, mi kao manjine platimo veoma skupu cijenu podr\u0161ke istom?<br \/>\nNa kraju, gospodine Mustafi\u0107u, logi\u010dno bi bilo da Bo\u0161nja\u010dka stranka, Hrvatska i Albanska &#8211; sa kojima zajedno stupate u pregovore oko postizborne koalicije, kao prvi uslov, uslov nad uslovima bez kojeg nema nikakvih daljih pregovora, poga\u0111anja i dogovora o sastavu nove Vlade postavite zahtjev o HITNOM DONO\u0160ENJU I PROVEDBI ZAKONA O LUSTRACIJI. Me\u0111utim, skoro sam suguran da LUSTRACIJU u zahtjevima ne\u0107ete ni pominjati. Time gubite pravo, po meni, da Va\u0161e stranke vi\u0161e uop\u0161te pominju \u010dinjenice o maltretiranjima, \u0161ikaniranjima i progonima koji su vr\u0161eni nad manjinskim narodima 90-tih godina.<\/p>\n<p><em>U me\u0111uvremenu, kao \u0161to smo vidjeli i kao \u0161to sam predpostavio, i dalje nema odgovornih za ratne zlo\u010dine iz 90-tih, a ekonomska situacija je jo\u0161 gora. Kako dr\u017eava tako gra\u0111ani su pred potpunom ekonomskim slomom. <\/em><\/p>\n<p>Va\u0161om odlukom mo\u017eete od Bo\u0161njaka napraviti heroje Crne Gore, ali i najve\u0107e njene stradalnike u budu\u0107nosti!<\/p>\n","protected":false},"excerpt":{"rendered":"<p>Pi\u0161e: Omer \u0160ARKI\u0106<\/p>\n","protected":false},"author":12,"featured_media":216366,"comment_status":"open","ping_status":"closed","sticky":false,"template":"","format":"standard","meta":{"_seopress_robots_primary_cat":"","_seopress_titles_title":"","_seopress_titles_desc":"","_seopress_robots_index":"","_et_pb_use_builder":"","_et_pb_old_content":"","_et_gb_content_width":"","inline_featured_image":false,"footnotes":""},"categories":[17],"tags":[],"class_list":["post-216353","post","type-post","status-publish","format-standard","has-post-thumbnail","hentry","category-blogovi"],"_links":{"self":[{"href":"https:\/\/www.pcnen.com\/portal\/wp-json\/wp\/v2\/posts\/216353","targetHints":{"allow":["GET"]}}],"collection":[{"href":"https:\/\/www.pcnen.com\/portal\/wp-json\/wp\/v2\/posts"}],"about":[{"href":"https:\/\/www.pcnen.com\/portal\/wp-json\/wp\/v2\/types\/post"}],"author":[{"embeddable":true,"href":"https:\/\/www.pcnen.com\/portal\/wp-json\/wp\/v2\/users\/12"}],"replies":[{"embeddable":true,"href":"https:\/\/www.pcnen.com\/portal\/wp-json\/wp\/v2\/comments?post=216353"}],"version-history":[{"count":1,"href":"https:\/\/www.pcnen.com\/portal\/wp-json\/wp\/v2\/posts\/216353\/revisions"}],"predecessor-version":[{"id":281224,"href":"https:\/\/www.pcnen.com\/portal\/wp-json\/wp\/v2\/posts\/216353\/revisions\/281224"}],"wp:featuredmedia":[{"embeddable":true,"href":"https:\/\/www.pcnen.com\/portal\/wp-json\/wp\/v2\/media\/216366"}],"wp:attachment":[{"href":"https:\/\/www.pcnen.com\/portal\/wp-json\/wp\/v2\/media?parent=216353"}],"wp:term":[{"taxonomy":"category","embeddable":true,"href":"https:\/\/www.pcnen.com\/portal\/wp-json\/wp\/v2\/categories?post=216353"},{"taxonomy":"post_tag","embeddable":true,"href":"https:\/\/www.pcnen.com\/portal\/wp-json\/wp\/v2\/tags?post=216353"}],"curies":[{"name":"wp","href":"https:\/\/api.w.org\/{rel}","templated":true}]}}