{"id":216093,"date":"2016-11-04T11:33:21","date_gmt":"2016-11-04T10:33:21","guid":{"rendered":"http:\/\/www.pcnen.com\/portal\/?p=216093"},"modified":"2016-11-04T11:33:21","modified_gmt":"2016-11-04T10:33:21","slug":"ustavni-sud-odbio-zalbu-df","status":"publish","type":"post","link":"https:\/\/www.pcnen.com\/portal\/2016\/11\/04\/ustavni-sud-odbio-zalbu-df\/","title":{"rendered":"Ustavni sud odbio \u017ealbu DF"},"content":{"rendered":"<p>Ustavni sud Crne Gore odbio je <a href=\"http:\/\/www.pcnen.com\/portal\/2016\/11\/02\/df-podnio-zalbu-ustavnom-sudu-na-odluku-dik-a\/\">\u017ealbu Demokratskog fronta<\/a> na odluku Dr\u017eavne izborne komisije o utvr\u0111ivanju kona\u010dnih rezultata parlamentarnih izbora, saznaje portal In4s. <\/p>\n<p>Ocjenom da ni \u2018dr\u017eavni udar\u2019 ne uti\u010de na regularnost izbora, taj sud se jo\u0161 jednom stavio u slu\u017ebu odbrane re\u017eima Mila \u0110ukanovic\u0301a, navodi portal. <\/p>\n<p>DF je podnio \u017ealbu tom sudu zbog toga \u0161to izbori 16. oktobra nisu odr\u017eani u uslovima koji omoguc\u0301avaju slobodno izra\u017eavanje volje gra\u0111ana.<\/p>\n<p>\u017dalbu su podnijeli kandidati za poslanike DF-a Andrija Mandic\u0301, Neboj\u0161a Medojevic\u0301, Milan Kne\u017eevic\u0301, Strahinja Bulajic\u0301, Branko Radulovic\u0301 i Predrag Bulatovic\u0301. <\/p>\n<p>U DF-u smatraju da su odlukom DIK-a povrije\u0111ena ljudska prava i slobode zajem\u010dene Ustavom i me\u0111unarodnim sporazumima. Oni su podsjetili da Ustav propisuje da se \u201cne mo\u017ee uspostaviti, niti priznati vlast, koja ne proisti\u010de iz slobodno izra\u017eene volje gra\u0111ana na demokratskim izborima, odr\u017eanim u skladu sa zakonom\u201c.<\/p>\n","protected":false},"excerpt":{"rendered":"<p>Ustavni sud Crne Gore odbio je \u017ealbu Demokratskog fronta na odluku Dr\u017eavne izborne komisije o utvr\u0111ivanju kona\u010dnih rezultata parlamentarnih izbora, saznaje portal In4s. Ocjenom da ni \u2018dr\u017eavni udar\u2019 ne uti\u010de na regularnost izbora, taj sud se jo\u0161 jednom stavio u slu\u017ebu odbrane re\u017eima Mila \u0110ukanovic\u0301a, navodi portal. DF je podnio \u017ealbu tom sudu zbog toga [&hellip;]<\/p>\n","protected":false},"author":1,"featured_media":0,"comment_status":"open","ping_status":"closed","sticky":false,"template":"","format":"standard","meta":{"_seopress_robots_primary_cat":"","_seopress_titles_title":"","_seopress_titles_desc":"","_seopress_robots_index":"","_et_pb_use_builder":"","_et_pb_old_content":"","_et_gb_content_width":"","inline_featured_image":false,"footnotes":""},"categories":[14],"tags":[],"class_list":["post-216093","post","type-post","status-publish","format-standard","hentry","category-vijesti"],"_links":{"self":[{"href":"https:\/\/www.pcnen.com\/portal\/wp-json\/wp\/v2\/posts\/216093","targetHints":{"allow":["GET"]}}],"collection":[{"href":"https:\/\/www.pcnen.com\/portal\/wp-json\/wp\/v2\/posts"}],"about":[{"href":"https:\/\/www.pcnen.com\/portal\/wp-json\/wp\/v2\/types\/post"}],"author":[{"embeddable":true,"href":"https:\/\/www.pcnen.com\/portal\/wp-json\/wp\/v2\/users\/1"}],"replies":[{"embeddable":true,"href":"https:\/\/www.pcnen.com\/portal\/wp-json\/wp\/v2\/comments?post=216093"}],"version-history":[{"count":0,"href":"https:\/\/www.pcnen.com\/portal\/wp-json\/wp\/v2\/posts\/216093\/revisions"}],"wp:attachment":[{"href":"https:\/\/www.pcnen.com\/portal\/wp-json\/wp\/v2\/media?parent=216093"}],"wp:term":[{"taxonomy":"category","embeddable":true,"href":"https:\/\/www.pcnen.com\/portal\/wp-json\/wp\/v2\/categories?post=216093"},{"taxonomy":"post_tag","embeddable":true,"href":"https:\/\/www.pcnen.com\/portal\/wp-json\/wp\/v2\/tags?post=216093"}],"curies":[{"name":"wp","href":"https:\/\/api.w.org\/{rel}","templated":true}]}}