{"id":215976,"date":"2016-11-02T12:04:12","date_gmt":"2016-11-02T11:04:12","guid":{"rendered":"http:\/\/www.pcnen.com\/portal\/?p=215976"},"modified":"2016-11-02T12:04:12","modified_gmt":"2016-11-02T11:04:12","slug":"df-podnio-zalbu-ustavnom-sudu-na-odluku-dik-a","status":"publish","type":"post","link":"https:\/\/www.pcnen.com\/portal\/2016\/11\/02\/df-podnio-zalbu-ustavnom-sudu-na-odluku-dik-a\/","title":{"rendered":"DF podnio \u017ealbu Ustavnom sudu na odluku DIK-a"},"content":{"rendered":"<p>Demokratski front (DF) podnio je Ustavnom sudu \u017ealbu <a href=\"http:\/\/www.pcnen.com\/portal\/2016\/10\/30\/dik-proglasila-rezultate-izbora\/\">na odluku Dr\u017eavne izborne komisije (DIK) <\/a>o utvr\u0111ivanju kona\u010dnih rezultata parlamentarnih izbora jer, kako su naveli u obrazlo\u017eenju, nijesu odr\u017eani u uslovima koji omogu\u0107avaju slobodno izra\u017eavanje volje gra\u0111ana.<\/p>\n<p>\u017dalbu su podnijeli kandidati za poslanike DF-a Andrija Mandi\u0107, Neboj\u0161a Medojevi\u0107, Milan Kne\u017eevi\u0107, Strahinja Bulaji\u0107, Branko Radulovi\u0107 i Predrag Bulatovi\u0107.<\/p>\n<p>U DF-u smatraju da su odlukom DIK-a povrije\u0111ena ljudska prava i slobode zajem\u010dene Ustavom i me\u0111unarodnim sporazumom.<\/p>\n<p>Oni su podsjetili da Ustav propisuje da se \u201cne mo\u017ee uspostaviti niti priznati vlast koja ne proisti\u010de iz slobodno izra\u017eene volje gra\u0111ana na demokratskim izborima, u skladu sa zakonom\u201c.<\/p>\n<p>Odlukom DIK-a, smatraju u DF-u, povrije\u0111en je i Me\u0111unarodni pakt o gra\u0111anskim i politi\u010dkim pravima u kojem se navodi da svaki gra\u0111anin ima pravo i mogu\u0107nost \u201cda bira i da bude biran na povremenim istinskim, op\u0161tim, jednakim i tajnim izborima, koji obezbje\u0111uju slobodno izra\u017eavanje volje bira\u010da\u201c, prenosi Mina.<\/p>\n<p>Podnosioci \u017ealbe su u obrazlo\u017eenju naveli da \u201cparlamentarni izbori 16. oktobra nijesu odr\u017eani u uslovima koji su omogu\u0107ili slobodno izra\u017eavanje volje gra\u0111ana, u skladu sa zakonom\u201c.<\/p>\n<p>\u201cImaju\u0107i u vidu sve okolnosti koje su nastale od deset sati kada su javni servisi i drugi dr\u017eavni i privatni mediji po\u010deli da objavljuju, prvo nezvani\u010dno, a od 13 sati i zvani\u010dno saop\u0161tenje direktora Uprave policije Slavka Stojanovi\u0107a o hap\u0161enju grupe od 20 terorista, za koje su zvani\u010dni organi dr\u017eave Crne Gore tvrdili da planiraju izvr\u0161avanje teroristi\u010dkih akata sa elementima dr\u017eavnog udara\u201c, dodaje se u obrazlo\u017eenju<\/p>\n<p>Iz DF-a podsje\u0107aju da je u 15 sati i Vrhovno dr\u017eavno tu\u017eila\u0161tvo izdalo zvani\u010dno saop\u0161tenje, i da su to i saop\u0161tenje Uprave policije u kontinuitetu, svakog sata, prenosili svi elektronski mediji, \u201c\u010dime su grubo prekr\u0161ili izbornu \u0161utnju koja je definisana \u010dlanom 64a Zakona o izboru poslanika i odbornika\u201c.<\/p>\n<p>\u201cZloupotrebom Ustavnih ovla\u0161\u0107enja, kr\u0161enjem izborne \u0107utnje i kreiranjem atmosfere da iza poku\u0161aja navodnog dr\u017eavnog udara stoji DF, specijalni tu\u017eilac, direktor Uprave policije i mediji su direktno uticali na rezultate izbora, i to u korist vladaju\u0107e Demokratske partije socijalista, a na \u0161tetu DF-a\u201c, navodi se u obrazlo\u017eenju.<\/p>\n<p>Podnosioci \u017ealbe predlo\u017eili su da Ustavni sud, imaju\u0107i u vide sve \u010dinjenice i dokaze koje su mu dostavili, poni\u0161ti odluku DIK-a o progla\u0161enju kona\u010dnih rezultata za izbor poslanika u Skup\u0161tinu Crne Gore, koja je u ponedjeljak objavljena u Slu\u017ebenom listu.<\/p>\n","protected":false},"excerpt":{"rendered":"<p>Demokratski front (DF) podnio je Ustavnom sudu \u017ealbu na odluku Dr\u017eavne izborne komisije (DIK) o utvr\u0111ivanju kona\u010dnih rezultata parlamentarnih izbora jer, kako su naveli u obrazlo\u017eenju, nijesu odr\u017eani u uslovima koji omogu\u0107avaju slobodno izra\u017eavanje volje gra\u0111ana. \u017dalbu su podnijeli kandidati za poslanike DF-a Andrija Mandi\u0107, Neboj\u0161a Medojevi\u0107, Milan Kne\u017eevi\u0107, Strahinja Bulaji\u0107, Branko Radulovi\u0107 i Predrag [&hellip;]<\/p>\n","protected":false},"author":1,"featured_media":0,"comment_status":"open","ping_status":"closed","sticky":false,"template":"","format":"standard","meta":{"_seopress_robots_primary_cat":"","_seopress_titles_title":"","_seopress_titles_desc":"","_seopress_robots_index":"","_et_pb_use_builder":"","_et_pb_old_content":"","_et_gb_content_width":"","inline_featured_image":false,"footnotes":""},"categories":[14],"tags":[],"class_list":["post-215976","post","type-post","status-publish","format-standard","hentry","category-vijesti"],"_links":{"self":[{"href":"https:\/\/www.pcnen.com\/portal\/wp-json\/wp\/v2\/posts\/215976","targetHints":{"allow":["GET"]}}],"collection":[{"href":"https:\/\/www.pcnen.com\/portal\/wp-json\/wp\/v2\/posts"}],"about":[{"href":"https:\/\/www.pcnen.com\/portal\/wp-json\/wp\/v2\/types\/post"}],"author":[{"embeddable":true,"href":"https:\/\/www.pcnen.com\/portal\/wp-json\/wp\/v2\/users\/1"}],"replies":[{"embeddable":true,"href":"https:\/\/www.pcnen.com\/portal\/wp-json\/wp\/v2\/comments?post=215976"}],"version-history":[{"count":0,"href":"https:\/\/www.pcnen.com\/portal\/wp-json\/wp\/v2\/posts\/215976\/revisions"}],"wp:attachment":[{"href":"https:\/\/www.pcnen.com\/portal\/wp-json\/wp\/v2\/media?parent=215976"}],"wp:term":[{"taxonomy":"category","embeddable":true,"href":"https:\/\/www.pcnen.com\/portal\/wp-json\/wp\/v2\/categories?post=215976"},{"taxonomy":"post_tag","embeddable":true,"href":"https:\/\/www.pcnen.com\/portal\/wp-json\/wp\/v2\/tags?post=215976"}],"curies":[{"name":"wp","href":"https:\/\/api.w.org\/{rel}","templated":true}]}}