{"id":215968,"date":"2016-11-02T12:24:19","date_gmt":"2016-11-02T11:24:19","guid":{"rendered":"http:\/\/www.pcnen.com\/portal\/?p=215968"},"modified":"2020-01-31T22:21:57","modified_gmt":"2020-01-31T21:21:57","slug":"rijec-slika-neprijatelj","status":"publish","type":"post","link":"https:\/\/www.pcnen.com\/portal\/2016\/11\/02\/rijec-slika-neprijatelj\/","title":{"rendered":"Rije\u010d, slika, neprijatelj"},"content":{"rendered":"<p>Ja volim da podsje\u0107am (i rije\u010dju i slikom!): i na period iz 90-tih, i na ono \u0161to se prakti\u010dno ju\u010de dogodilo.<\/p>\n<p>Prije tri godina u organizaciji Instituta za javnu politiku(osniva\u010d Vladimir Beba Popovi\u0107, sada\u0161nji neformalni urednik &#8220;Minut-dva&#8221; na Pink televiziji) odr\u017eana je konferencija i izlo\u017eba &#8220;Rije\u010d, slika, neprijatelj&#8221;.<\/p>\n<p><img loading=\"lazy\" decoding=\"async\" class=\"alignleft size-full wp-image-215969\" src=\"http:\/\/www.pcnen.com\/portal\/wp-content\/uploads\/2016\/11\/neprijatelj2-1.jpg\" alt=\"neprijatelj2\" width=\"429\" height=\"322\" \/><\/p>\n<p>Izlo\u017ebu su u Umjetni\u010dkom paviljonu otvorili novinar i urednik izlo\u017ebe Branko Voji\u010di\u0107 i istaknuti crnogorski novinar Danilo Burzan.<\/p>\n<p>Konferenciju su 11.11.2013. otvorili predsjednik Upravnog odbora Ranko Vujovi\u0107, ministar za ljudska i manjinska prava u Vladi Crne Gore Suad Numanovi\u0107, ministar kulture u Crnoj Gori Branislav Mi\u0107unovi\u0107, \u0161ef Delegacije Evropske Unije u Crnoj Gori Mitja Drobni\u010d i specijalni savjetnik generalnog sekretara UN Ban Ki Muna za pitanja ostvarenja milenijumskih ciljeva Filip Dust Blazi.<\/p>\n<p><img loading=\"lazy\" decoding=\"async\" class=\"alignleft size-full wp-image-215971\" src=\"http:\/\/www.pcnen.com\/portal\/wp-content\/uploads\/2016\/11\/neprijatelj1.jpg\" alt=\"neprijatelj1\" width=\"273\" height=\"185\" srcset=\"https:\/\/www.pcnen.com\/portal\/wp-content\/uploads\/2016\/11\/neprijatelj1.jpg 273w, https:\/\/www.pcnen.com\/portal\/wp-content\/uploads\/2016\/11\/neprijatelj1-235x159.jpg 235w, https:\/\/www.pcnen.com\/portal\/wp-content\/uploads\/2016\/11\/neprijatelj1-75x51.jpg 75w, https:\/\/www.pcnen.com\/portal\/wp-content\/uploads\/2016\/11\/neprijatelj1-220x149.jpg 220w\" sizes=\"(max-width: 273px) 100vw, 273px\" \/><\/p>\n<p>U okviru konferencije odr\u017eana i prezentacija knjige \u201cAnatomija jedne hajke\u201d(u kojoj sam i ja naveden kao jedan od &#8220;hajka\u010da&#8221;) novinara i publiciste \u0160emsudina \u0160ekija Radon\u010di\u0107a, na kojoj su govorili novinar Darko \u0160ukovi\u0107, predsjednica Udru\u017eenja deportovanih BiH gra\u0111ana 1992. iz Crne Gore Jasenka Perovi\u0107 i novinar i publicista Andrej Nikolaidis. Panel je moderirala novinarka Selena Tasi\u0107.<\/p>\n<p>O sekuritizaciji dr\u017eave(\u0161to god to zna\u010dilo) govorio je Sr\u0111an Kusovac, novinar i tada\u0161nji savetnik premijera Crne Gore za medije.<br \/>\nU\u010desnik panela tako\u0111e je bio i pisac Svetislav Basara. Jedna od moderatorki panela bila je glavna i odgovorna urednica TV PRVA u Crnoj Gori, Sonja Drobac.<\/p>\n<p><img loading=\"lazy\" decoding=\"async\" class=\"alignleft size-large wp-image-215972\" src=\"http:\/\/www.pcnen.com\/portal\/wp-content\/uploads\/2016\/11\/neprijatelj4-450x304.jpg\" alt=\"neprijatelj4\" width=\"450\" height=\"304\" srcset=\"https:\/\/www.pcnen.com\/portal\/wp-content\/uploads\/2016\/11\/neprijatelj4-450x304.jpg 450w, https:\/\/www.pcnen.com\/portal\/wp-content\/uploads\/2016\/11\/neprijatelj4-300x203.jpg 300w, https:\/\/www.pcnen.com\/portal\/wp-content\/uploads\/2016\/11\/neprijatelj4-480x324.jpg 480w, https:\/\/www.pcnen.com\/portal\/wp-content\/uploads\/2016\/11\/neprijatelj4-235x159.jpg 235w, https:\/\/www.pcnen.com\/portal\/wp-content\/uploads\/2016\/11\/neprijatelj4-75x51.jpg 75w, https:\/\/www.pcnen.com\/portal\/wp-content\/uploads\/2016\/11\/neprijatelj4-350x236.jpg 350w, https:\/\/www.pcnen.com\/portal\/wp-content\/uploads\/2016\/11\/neprijatelj4-220x149.jpg 220w, https:\/\/www.pcnen.com\/portal\/wp-content\/uploads\/2016\/11\/neprijatelj4.jpg 724w\" sizes=\"(max-width: 450px) 100vw, 450px\" \/><\/p>\n<p><a href=\"http:\/\/www.pcnen.com\/portal\/wp-content\/uploads\/2016\/11\/neprijatelj5.jpg\"><img loading=\"lazy\" decoding=\"async\" class=\"aligncenter size-medium wp-image-215973\" src=\"http:\/\/www.pcnen.com\/portal\/wp-content\/uploads\/2016\/11\/neprijatelj5-300x225.jpg\" alt=\"neprijatelj5\" width=\"300\" height=\"225\" \/><\/a><\/p>\n<p>U panelima i diskusijama u\u010destvovali su jo\u0161: Jak\u0161a \u0160\u0107eki\u0107 (Rojters Srbija), Bo\u0161ko Jak\u0161i\u0107 (Politika), Petar Lukovi\u0107 (E-novine), Ivan Cveji\u0107 (BETA), Goran Mili\u0107 (Al Jazeera), Borjan Jovanovski (MAK), Vanja Vardjan (RTV Slovenija), Adriatik Kelmendi (TV Kosovo), Slavko Mandi\u0107 (Skala radio), Radojka Rutovi\u0107 (TVCG), Dario Novali\u0107 (Bosanski magazin START), Nikola Martinovi\u0107 (advokat), Dra\u0161ko \u0110uranovi\u0107 (urednik portala Analitika), Nikola Vujanovi\u0107 (CG), Amer Ramusovi\u0107 (CG), Budimir Damjanovi\u0107 (CG), Milan Mi\u0107a Jovanovi\u0107 (Srbija), Kristina Vuji\u0107 (YUCOM SRB), Selena Tasi\u0107 (Institut za javnu politiku CG-SRB). Moderator EX YU FORUM-a bio je generalni direktor Direktorata za medije, Ministarstva kulture, \u017deljko Rutovi\u0107.<\/p>\n<p><img loading=\"lazy\" decoding=\"async\" class=\"aligncenter size-full wp-image-215974\" src=\"http:\/\/www.pcnen.com\/portal\/wp-content\/uploads\/2016\/11\/neprijatelj6.jpg\" alt=\"neprijatelj6\" width=\"202\" height=\"363\" \/><\/p>\n","protected":false},"excerpt":{"rendered":"<p>Autor: Zipp<\/p>\n","protected":false},"author":12,"featured_media":0,"comment_status":"open","ping_status":"closed","sticky":false,"template":"","format":"standard","meta":{"_seopress_robots_primary_cat":"","_seopress_titles_title":"","_seopress_titles_desc":"","_seopress_robots_index":"","_et_pb_use_builder":"","_et_pb_old_content":"","_et_gb_content_width":"","inline_featured_image":false,"footnotes":""},"categories":[17],"tags":[],"class_list":["post-215968","post","type-post","status-publish","format-standard","hentry","category-blogovi"],"_links":{"self":[{"href":"https:\/\/www.pcnen.com\/portal\/wp-json\/wp\/v2\/posts\/215968","targetHints":{"allow":["GET"]}}],"collection":[{"href":"https:\/\/www.pcnen.com\/portal\/wp-json\/wp\/v2\/posts"}],"about":[{"href":"https:\/\/www.pcnen.com\/portal\/wp-json\/wp\/v2\/types\/post"}],"author":[{"embeddable":true,"href":"https:\/\/www.pcnen.com\/portal\/wp-json\/wp\/v2\/users\/12"}],"replies":[{"embeddable":true,"href":"https:\/\/www.pcnen.com\/portal\/wp-json\/wp\/v2\/comments?post=215968"}],"version-history":[{"count":5,"href":"https:\/\/www.pcnen.com\/portal\/wp-json\/wp\/v2\/posts\/215968\/revisions"}],"predecessor-version":[{"id":283190,"href":"https:\/\/www.pcnen.com\/portal\/wp-json\/wp\/v2\/posts\/215968\/revisions\/283190"}],"wp:attachment":[{"href":"https:\/\/www.pcnen.com\/portal\/wp-json\/wp\/v2\/media?parent=215968"}],"wp:term":[{"taxonomy":"category","embeddable":true,"href":"https:\/\/www.pcnen.com\/portal\/wp-json\/wp\/v2\/categories?post=215968"},{"taxonomy":"post_tag","embeddable":true,"href":"https:\/\/www.pcnen.com\/portal\/wp-json\/wp\/v2\/tags?post=215968"}],"curies":[{"name":"wp","href":"https:\/\/api.w.org\/{rel}","templated":true}]}}