{"id":215928,"date":"2016-11-01T23:21:35","date_gmt":"2016-11-01T22:21:35","guid":{"rendered":"http:\/\/www.pcnen.com\/portal\/?p=215928"},"modified":"2016-11-01T23:33:12","modified_gmt":"2016-11-01T22:33:12","slug":"oblaci-dolaze-popodne","status":"publish","type":"post","link":"https:\/\/www.pcnen.com\/portal\/2016\/11\/01\/oblaci-dolaze-popodne\/","title":{"rendered":"Oblaci dolaze popodne"},"content":{"rendered":"<p><a href=\"http:\/\/www.pcnen.com\/portal\/wp-content\/uploads\/2012\/02\/oblaci.jpg\"><img loading=\"lazy\" decoding=\"async\" src=\"http:\/\/www.pcnen.com\/portal\/wp-content\/uploads\/2012\/02\/oblaci-300x180.jpg\" alt=\"oblaci\/PCNEN\" width=\"300\" height=\"180\" class=\"alignleft size-medium wp-image-76934\" \/><\/a>U Crnoj Gori \u0107e sjutra biti prete\u017eno sun\u010dano, uz postepeno pove\u0107anje obla\u010dnosti tokom dana. Krajem dana ili tokom no\u0107i mjestimi\u010dno \u0107e padati ki\u0161a, prvenstveno u ju\u017enim i centralnim krajevima zemlje. <\/p>\n<p>Na sjeveru zemlje \u0107e ujutru po kotlinama biti magla. <\/p>\n<p>Vjetar ju\u017eni \u0107e u sjevernim krajevima zemlje i na primorju biti povremeno umjeren do poja\u010dan, a na udare kratkotrajno i jak. <\/p>\n<p>Jutarnja temperatura vazduha bi\u0107e u rasponu od -1 do 12, a najvi\u0161a dnevna od 8 do 21 stepen.<\/p>\n<p>U Podgorici \u0107e biti prete\u017eno sun\u010dano, uz postepeno pove\u0107anje obla\u010dnosti. Tokom no\u0107i bi\u0107e uslova za ki\u0161u. Vjetar ju\u017eni bi\u0107e povremeno umjeren. Jutarnja temperatura vazduha bi\u0107e oko 6, a najvi\u0161a dnevna oko 17 stepeni.<\/p>\n<p><a href=\"http:\/\/www.meteo.co.me\/misc.php?text=121&#038;sektor=1&#038;grad=ULC\" target=\"_blank\">Prognoza za ostale gradove. <\/a><\/p>\n","protected":false},"excerpt":{"rendered":"<p>Na sjeveru zemlje \u0107e ujutru po kotlinama biti magla<\/p>\n","protected":false},"author":1,"featured_media":0,"comment_status":"open","ping_status":"closed","sticky":false,"template":"","format":"standard","meta":{"_seopress_robots_primary_cat":"","_seopress_titles_title":"","_seopress_titles_desc":"","_seopress_robots_index":"","_et_pb_use_builder":"","_et_pb_old_content":"","_et_gb_content_width":"","inline_featured_image":false,"footnotes":""},"categories":[14,12],"tags":[],"class_list":["post-215928","post","type-post","status-publish","format-standard","hentry","category-vijesti","category-prica-dana"],"_links":{"self":[{"href":"https:\/\/www.pcnen.com\/portal\/wp-json\/wp\/v2\/posts\/215928","targetHints":{"allow":["GET"]}}],"collection":[{"href":"https:\/\/www.pcnen.com\/portal\/wp-json\/wp\/v2\/posts"}],"about":[{"href":"https:\/\/www.pcnen.com\/portal\/wp-json\/wp\/v2\/types\/post"}],"author":[{"embeddable":true,"href":"https:\/\/www.pcnen.com\/portal\/wp-json\/wp\/v2\/users\/1"}],"replies":[{"embeddable":true,"href":"https:\/\/www.pcnen.com\/portal\/wp-json\/wp\/v2\/comments?post=215928"}],"version-history":[{"count":0,"href":"https:\/\/www.pcnen.com\/portal\/wp-json\/wp\/v2\/posts\/215928\/revisions"}],"wp:attachment":[{"href":"https:\/\/www.pcnen.com\/portal\/wp-json\/wp\/v2\/media?parent=215928"}],"wp:term":[{"taxonomy":"category","embeddable":true,"href":"https:\/\/www.pcnen.com\/portal\/wp-json\/wp\/v2\/categories?post=215928"},{"taxonomy":"post_tag","embeddable":true,"href":"https:\/\/www.pcnen.com\/portal\/wp-json\/wp\/v2\/tags?post=215928"}],"curies":[{"name":"wp","href":"https:\/\/api.w.org\/{rel}","templated":true}]}}