{"id":215882,"date":"2016-11-01T08:48:15","date_gmt":"2016-11-01T07:48:15","guid":{"rendered":"http:\/\/www.pcnen.com\/portal\/?p=215882"},"modified":"2016-11-01T08:48:15","modified_gmt":"2016-11-01T07:48:15","slug":"zvanicnik-sad-razumne-osnove-za-turske-optuzbe-protiv-gulena","status":"publish","type":"post","link":"https:\/\/www.pcnen.com\/portal\/2016\/11\/01\/zvanicnik-sad-razumne-osnove-za-turske-optuzbe-protiv-gulena\/","title":{"rendered":"Zvani\u010dnik SAD: Razumne osnove za turske optu\u017ebe protiv Gulena"},"content":{"rendered":"<p><a href=\"http:\/\/www.pcnen.com\/portal\/wp-content\/uploads\/2016\/07\/Fetulah-Gilen.jpg\"><img loading=\"lazy\" decoding=\"async\" src=\"http:\/\/www.pcnen.com\/portal\/wp-content\/uploads\/2016\/07\/Fetulah-Gilen-300x150.jpg\" alt=\"Fetulah Gilen\" width=\"300\" height=\"150\" class=\"alignleft size-medium wp-image-209501\" \/><\/a>Vi\u0161i zvani\u010dnik Stejt departmenta je izjavio da postoje osnove da se ozbiljno razmotre navodi Turske o umije\u0161anosti sve\u0161tenika Fetulaha Gulena, koji se nalazi u SAD, u n<a href=\"http:\/\/www.pcnen.com\/portal\/2016\/07\/16\/propao-pokusaj-vojnog-puca-u-turskoj\/\">euspjeli pu\u010d u julu<\/a>, prenosi Beta.<\/p>\n<p>Ankara optu\u017euje Gulena da je organizovao vojni udar i tra\u017ei od SAD da ga izru\u010de, dok Gulen negira umije\u0161anost.<\/p>\n<p>Zvani\u010dnik Stejt departmenta, koji je tra\u017eio da ne bude imenovan, rekao je da Gulenova organizacija ima sumnjivu strukturu i finansiranje. On je dodao da je ideja da su Gulenovi sledbenici umije\u0161ani u pu\u010d &#8220;uvjerljiva&#8221;.<\/p>\n","protected":false},"excerpt":{"rendered":"<p>Vi\u0161i zvani\u010dnik Stejt departmenta je izjavio da postoje osnove da se ozbiljno razmotre navodi Turske o umije\u0161anosti sve\u0161tenika Fetulaha Gulena, koji se nalazi u SAD, u neuspjeli pu\u010d u julu, prenosi Beta. Ankara optu\u017euje Gulena da je organizovao vojni udar i tra\u017ei od SAD da ga izru\u010de, dok Gulen negira umije\u0161anost. Zvani\u010dnik Stejt departmenta, koji [&hellip;]<\/p>\n","protected":false},"author":1,"featured_media":209501,"comment_status":"open","ping_status":"closed","sticky":false,"template":"","format":"standard","meta":{"_seopress_robots_primary_cat":"","_seopress_titles_title":"","_seopress_titles_desc":"","_seopress_robots_index":"","_et_pb_use_builder":"","_et_pb_old_content":"","_et_gb_content_width":"","inline_featured_image":false,"footnotes":""},"categories":[14],"tags":[],"class_list":["post-215882","post","type-post","status-publish","format-standard","has-post-thumbnail","hentry","category-vijesti"],"_links":{"self":[{"href":"https:\/\/www.pcnen.com\/portal\/wp-json\/wp\/v2\/posts\/215882","targetHints":{"allow":["GET"]}}],"collection":[{"href":"https:\/\/www.pcnen.com\/portal\/wp-json\/wp\/v2\/posts"}],"about":[{"href":"https:\/\/www.pcnen.com\/portal\/wp-json\/wp\/v2\/types\/post"}],"author":[{"embeddable":true,"href":"https:\/\/www.pcnen.com\/portal\/wp-json\/wp\/v2\/users\/1"}],"replies":[{"embeddable":true,"href":"https:\/\/www.pcnen.com\/portal\/wp-json\/wp\/v2\/comments?post=215882"}],"version-history":[{"count":0,"href":"https:\/\/www.pcnen.com\/portal\/wp-json\/wp\/v2\/posts\/215882\/revisions"}],"wp:featuredmedia":[{"embeddable":true,"href":"https:\/\/www.pcnen.com\/portal\/wp-json\/wp\/v2\/media\/209501"}],"wp:attachment":[{"href":"https:\/\/www.pcnen.com\/portal\/wp-json\/wp\/v2\/media?parent=215882"}],"wp:term":[{"taxonomy":"category","embeddable":true,"href":"https:\/\/www.pcnen.com\/portal\/wp-json\/wp\/v2\/categories?post=215882"},{"taxonomy":"post_tag","embeddable":true,"href":"https:\/\/www.pcnen.com\/portal\/wp-json\/wp\/v2\/tags?post=215882"}],"curies":[{"name":"wp","href":"https:\/\/api.w.org\/{rel}","templated":true}]}}