{"id":215536,"date":"2016-10-25T22:49:35","date_gmt":"2016-10-25T20:49:35","guid":{"rendered":"http:\/\/www.pcnen.com\/portal\/?p=215536"},"modified":"2016-10-25T22:49:35","modified_gmt":"2016-10-25T20:49:35","slug":"kisa-povremeno-krajem-dana-i-navece","status":"publish","type":"post","link":"https:\/\/www.pcnen.com\/portal\/2016\/10\/25\/kisa-povremeno-krajem-dana-i-navece\/","title":{"rendered":"Ki\u0161a povremeno krajem dana i nave\u010de"},"content":{"rendered":"<p><a href=\"http:\/\/www.pcnen.com\/portal\/wp-content\/uploads\/2015\/11\/lisce.jpg\"><img loading=\"lazy\" decoding=\"async\" src=\"http:\/\/www.pcnen.com\/portal\/wp-content\/uploads\/2015\/11\/lisce-300x200.jpg\" alt=\"lisce\" width=\"300\" height=\"200\" class=\"alignleft size-medium wp-image-194059\" \/><\/a>Umjereno do prete\u017eno obla\u010dno bi\u0107e sjutra u Crnoj Gori. Uglavnom krajem dana i tokom no\u0107i ki\u0161a \u0107e padati povremeno; lokalno \u0107e biti mogu\u0107a i grmljavina. <\/p>\n<p>Ju\u017eni vjetar bi\u0107e slab do umjeren, a krajem dana po\u010de\u0107e da duva sa sjevera i  sjeveroistoka, i to tokom no\u0107i jako na udare. <\/p>\n<p>Jutarnja temperatura vazduha bi\u0107e u rasponu od 6 do 16, a najvi\u0161a dnevna od 13 do 23 stepena.<\/p>\n<p>U Podgorici \u0107e krajem dana i tokom no\u0107i biei mogu\u0107a slaba ki\u0161a. U no\u0107nim satima sjeveroisto\u010dni vjetar \u0107e poja\u010davati. Jutarnja temperatura vazduha bi\u0107e oko 13, a najvi\u0161a dnevna oko 22 stepena.<\/p>\n<p><a href=\"http:\/\/www.meteo.co.me\/misc.php?text=121&#038;sektor=1&#038;grad=DAN\" target=\"_blank\">Prognoza za ostale gradove.<\/a><\/p>\n","protected":false},"excerpt":{"rendered":"<p>Krajem dana po\u010de\u0107e da duva sa sjevera i  sjeveroistoka, i to tokom no\u0107i jako na udare<\/p>\n","protected":false},"author":1,"featured_media":0,"comment_status":"open","ping_status":"closed","sticky":false,"template":"","format":"standard","meta":{"_seopress_robots_primary_cat":"","_seopress_titles_title":"","_seopress_titles_desc":"","_seopress_robots_index":"","_et_pb_use_builder":"","_et_pb_old_content":"","_et_gb_content_width":"","inline_featured_image":false,"footnotes":""},"categories":[14,12],"tags":[],"class_list":["post-215536","post","type-post","status-publish","format-standard","hentry","category-vijesti","category-prica-dana"],"_links":{"self":[{"href":"https:\/\/www.pcnen.com\/portal\/wp-json\/wp\/v2\/posts\/215536","targetHints":{"allow":["GET"]}}],"collection":[{"href":"https:\/\/www.pcnen.com\/portal\/wp-json\/wp\/v2\/posts"}],"about":[{"href":"https:\/\/www.pcnen.com\/portal\/wp-json\/wp\/v2\/types\/post"}],"author":[{"embeddable":true,"href":"https:\/\/www.pcnen.com\/portal\/wp-json\/wp\/v2\/users\/1"}],"replies":[{"embeddable":true,"href":"https:\/\/www.pcnen.com\/portal\/wp-json\/wp\/v2\/comments?post=215536"}],"version-history":[{"count":0,"href":"https:\/\/www.pcnen.com\/portal\/wp-json\/wp\/v2\/posts\/215536\/revisions"}],"wp:attachment":[{"href":"https:\/\/www.pcnen.com\/portal\/wp-json\/wp\/v2\/media?parent=215536"}],"wp:term":[{"taxonomy":"category","embeddable":true,"href":"https:\/\/www.pcnen.com\/portal\/wp-json\/wp\/v2\/categories?post=215536"},{"taxonomy":"post_tag","embeddable":true,"href":"https:\/\/www.pcnen.com\/portal\/wp-json\/wp\/v2\/tags?post=215536"}],"curies":[{"name":"wp","href":"https:\/\/api.w.org\/{rel}","templated":true}]}}