{"id":215377,"date":"2016-10-22T21:57:18","date_gmt":"2016-10-22T19:57:18","guid":{"rendered":"http:\/\/www.pcnen.com\/portal\/?p=215377"},"modified":"2016-10-22T21:57:18","modified_gmt":"2016-10-22T19:57:18","slug":"eureporter-eu-da-provjeri-crnogorske-izbore","status":"publish","type":"post","link":"https:\/\/www.pcnen.com\/portal\/2016\/10\/22\/eureporter-eu-da-provjeri-crnogorske-izbore\/","title":{"rendered":"EUreporter: EU da provjeri crnogorske izbore"},"content":{"rendered":"<p><a href=\"http:\/\/www.pcnen.com\/portal\/wp-content\/uploads\/2016\/10\/crna-gora-izbori.jpg\"><img loading=\"lazy\" decoding=\"async\" src=\"http:\/\/www.pcnen.com\/portal\/wp-content\/uploads\/2016\/10\/crna-gora-izbori-300x263.jpg\" alt=\"crna-gora-izbori\" width=\"300\" height=\"263\" class=\"alignleft size-medium wp-image-215091\" \/><\/a>Evropska unija pozvana je da \u201ctemeljno istra\u017ei\u201c optu\u017ebe za prevare na posljednjim izborima u Crnoj Gori, prenosi <a href=\"https:\/\/www.eureporter.co\/world\/2016\/10\/21\/montenegro-elections-called-into-question-by-eu\/\" target=\"_blank\">portal Eureporter. <\/a><\/p>\n<p>U tekstu se navodi da je jo\u0161 u martu ove godine u EU done\u0161ena rezolucija kojom je kritikovan re\u017eim Mila \u0110ukanovi\u0107a zbog neefikasne u borbi sa korupcijom i organizovanim kriminalom.<\/p>\n<p>Portal podsje\u0107a da su izbore pratile brojne optu\u017ebe za neregularnosti, kao i privremena cenzura WhatsApp, Vajber i drugih aplikacija za komunikaciju, kao i sumnje opozicije da je vlast re\u017eirala navodni poku\u0161aj dr\u017eavnog udara u korist neidentifikovane politi\u010dke grupe. <\/p>\n","protected":false},"excerpt":{"rendered":"<p>Evropska unija pozvana je da \u201ctemeljno istra\u017ei\u201c optu\u017ebe za prevare na posljednjim izborima u Crnoj Gori, prenosi portal Eureporter. U tekstu se navodi da je jo\u0161 u martu ove godine u EU done\u0161ena rezolucija kojom je kritikovan re\u017eim Mila \u0110ukanovi\u0107a zbog neefikasne u borbi sa korupcijom i organizovanim kriminalom. Portal podsje\u0107a da su izbore pratile [&hellip;]<\/p>\n","protected":false},"author":1,"featured_media":0,"comment_status":"open","ping_status":"closed","sticky":false,"template":"","format":"standard","meta":{"_seopress_robots_primary_cat":"","_seopress_titles_title":"","_seopress_titles_desc":"","_seopress_robots_index":"","_et_pb_use_builder":"","_et_pb_old_content":"","_et_gb_content_width":"","inline_featured_image":false,"footnotes":""},"categories":[14],"tags":[],"class_list":["post-215377","post","type-post","status-publish","format-standard","hentry","category-vijesti"],"_links":{"self":[{"href":"https:\/\/www.pcnen.com\/portal\/wp-json\/wp\/v2\/posts\/215377","targetHints":{"allow":["GET"]}}],"collection":[{"href":"https:\/\/www.pcnen.com\/portal\/wp-json\/wp\/v2\/posts"}],"about":[{"href":"https:\/\/www.pcnen.com\/portal\/wp-json\/wp\/v2\/types\/post"}],"author":[{"embeddable":true,"href":"https:\/\/www.pcnen.com\/portal\/wp-json\/wp\/v2\/users\/1"}],"replies":[{"embeddable":true,"href":"https:\/\/www.pcnen.com\/portal\/wp-json\/wp\/v2\/comments?post=215377"}],"version-history":[{"count":0,"href":"https:\/\/www.pcnen.com\/portal\/wp-json\/wp\/v2\/posts\/215377\/revisions"}],"wp:attachment":[{"href":"https:\/\/www.pcnen.com\/portal\/wp-json\/wp\/v2\/media?parent=215377"}],"wp:term":[{"taxonomy":"category","embeddable":true,"href":"https:\/\/www.pcnen.com\/portal\/wp-json\/wp\/v2\/categories?post=215377"},{"taxonomy":"post_tag","embeddable":true,"href":"https:\/\/www.pcnen.com\/portal\/wp-json\/wp\/v2\/tags?post=215377"}],"curies":[{"name":"wp","href":"https:\/\/api.w.org\/{rel}","templated":true}]}}