{"id":215362,"date":"2016-10-22T13:02:09","date_gmt":"2016-10-22T11:02:09","guid":{"rendered":"http:\/\/www.pcnen.com\/portal\/?p=215362"},"modified":"2016-10-22T13:04:27","modified_gmt":"2016-10-22T11:04:27","slug":"peric-ko-je-narucio-i-ko-je-finansirao-terorizam-u-pokusaju","status":"publish","type":"post","link":"https:\/\/www.pcnen.com\/portal\/2016\/10\/22\/peric-ko-je-narucio-i-ko-je-finansirao-terorizam-u-pokusaju\/","title":{"rendered":"Peri\u0107: Ko je naru\u010dio i ko je finansirao &#8216;terorizam u poku\u0161aju&#8217;"},"content":{"rendered":"<p><a href=\"http:\/\/www.pcnen.com\/portal\/wp-content\/uploads\/2016\/10\/Srdjan-Peric.jpg\"><img loading=\"lazy\" decoding=\"async\" src=\"http:\/\/www.pcnen.com\/portal\/wp-content\/uploads\/2016\/10\/Srdjan-Peric-300x236.jpg\" alt=\"srdjan-peric\" width=\"300\" height=\"236\" class=\"alignleft size-medium wp-image-215355\" srcset=\"https:\/\/www.pcnen.com\/portal\/wp-content\/uploads\/2016\/10\/Srdjan-Peric-300x236.jpg 300w, https:\/\/www.pcnen.com\/portal\/wp-content\/uploads\/2016\/10\/Srdjan-Peric-580x455.jpg 580w, https:\/\/www.pcnen.com\/portal\/wp-content\/uploads\/2016\/10\/Srdjan-Peric-450x353.jpg 450w, https:\/\/www.pcnen.com\/portal\/wp-content\/uploads\/2016\/10\/Srdjan-Peric-480x377.jpg 480w, https:\/\/www.pcnen.com\/portal\/wp-content\/uploads\/2016\/10\/Srdjan-Peric-235x184.jpg 235w, https:\/\/www.pcnen.com\/portal\/wp-content\/uploads\/2016\/10\/Srdjan-Peric-75x59.jpg 75w, https:\/\/www.pcnen.com\/portal\/wp-content\/uploads\/2016\/10\/Srdjan-Peric-350x275.jpg 350w, https:\/\/www.pcnen.com\/portal\/wp-content\/uploads\/2016\/10\/Srdjan-Peric-220x173.jpg 220w, https:\/\/www.pcnen.com\/portal\/wp-content\/uploads\/2016\/10\/Srdjan-Peric.jpg 600w\" sizes=\"(max-width: 300px) 100vw, 300px\" \/><\/a>Sr\u0111an Peri\u0107, biv\u0161i poslanik Pozitivne CG koji je napustio tu partiju nakon \u0161to je ona, pod izgovorom da spa\u0161ava dr\u017eavu, obezbijedila parlamentarnu ve\u0107inu za podr\u0161ku vladi Mila \u0110ukanovi\u0107a, ka\u017ee da \u201ctreba insistirati na razja\u0161njenju de\u0161avanja onog \u0161to Tu\u017eila\u0161tvo karakteri\u0161e kao terorizam u poku\u0161aju, a \u0161to se odoma\u0107ilo pod sintagmom \u2018dr\u017eavni udar\u2019. <\/p>\n<p>\u201cUkoliko je ta konstrukcija ta\u010dna, za o\u010dekivati je bilo da se o tome premijer ne informi\u0161e sa portala, kako je saop\u0161tio novinarima, a istog dana je trebalo da se odr\u017ee sjednice Odbora za bezbjednost i odbranu, Savjeta za odbranu i bezbjednost i Vije\u0107a za nacionalnu bezbjednost, a \u0161to nije bio slu\u010daj. Ako se desio poku\u0161aj terorizma, onda mora da se daju odgovori i na pitanja ko ga je naru\u010dio i ko ga je finansirao. Ako su dokazi neoborivi, moraju se pravosna\u017enim presudima osuditi ne samo izvr\u0161ioci, ve\u0107 prije svega nalogodavci koji bi kumulativno dobili nekoliko stotina godina robije jer ovdje govorimo o najte\u017eim krivi\u010dnim djelima. Ako, kako tvrdi Tu\u017eila\u0161tvo, iza svega stoji neki politi\u010dki subjekt, mora se jasno kazati koji.<br \/>\nAko ne budemo imali ni\u0161ta od toga, onda je jasno da se radilo o predstavi za izborni dan kako bi se uticalo na volju glasa\u010da I kako bi se umanjila izlaznost. Bode o\u010di kako nas o tome informi\u0161e i edukuje medij \u010dije je sjedi\u0161te u susjednoj dr\u017eavi, a \u010diji su osnovni sadr\u017eaji tzv. zabavnog karaktera. Jasno je da je tim i takvim izvje\u0161tavanjem u izbornom danu stvoren osje\u0107aj nesigurnosti kod gra\u0111ana, \u010dime imamo i elemente uzbunjivanja javnosti. I da se ne zaboravi, da nije ovakvim izvje\u0161tavanjem sasvim izvjesno smanjena dinamika izlaznosti, sve upu\u0107uje na projekciju da bi opozicija imala potreban broj glasova da sama formira vlast i da taj proces ne bi mogao osporiti niti jedan izborni in\u017einjering\u201d, ka\u017ee Peri\u0107 <a href=\"http:\/\/www.pcnen.com\/portal\/2016\/10\/22\/izbori-su-pokazali-nekoliko-stvari-ohrabrujucih-i-obeshrabrujucih\/\">u razgovoru sa Omerom \u0160arki\u0107em za PCNEN.<\/a><\/p>\n","protected":false},"excerpt":{"rendered":"<p>Sr\u0111an Peri\u0107, biv\u0161i poslanik Pozitivne CG koji je napustio tu partiju nakon \u0161to je ona, pod izgovorom da spa\u0161ava dr\u017eavu, obezbijedila parlamentarnu ve\u0107inu za podr\u0161ku vladi Mila \u0110ukanovi\u0107a, ka\u017ee da \u201ctreba insistirati na razja\u0161njenju de\u0161avanja onog \u0161to Tu\u017eila\u0161tvo karakteri\u0161e kao terorizam u poku\u0161aju, a \u0161to se odoma\u0107ilo pod sintagmom \u2018dr\u017eavni udar\u2019. \u201cUkoliko je ta konstrukcija [&hellip;]<\/p>\n","protected":false},"author":1,"featured_media":0,"comment_status":"open","ping_status":"closed","sticky":false,"template":"","format":"standard","meta":{"_seopress_robots_primary_cat":"","_seopress_titles_title":"","_seopress_titles_desc":"","_seopress_robots_index":"","_et_pb_use_builder":"","_et_pb_old_content":"","_et_gb_content_width":"","inline_featured_image":false,"footnotes":""},"categories":[14],"tags":[],"class_list":["post-215362","post","type-post","status-publish","format-standard","hentry","category-vijesti"],"_links":{"self":[{"href":"https:\/\/www.pcnen.com\/portal\/wp-json\/wp\/v2\/posts\/215362","targetHints":{"allow":["GET"]}}],"collection":[{"href":"https:\/\/www.pcnen.com\/portal\/wp-json\/wp\/v2\/posts"}],"about":[{"href":"https:\/\/www.pcnen.com\/portal\/wp-json\/wp\/v2\/types\/post"}],"author":[{"embeddable":true,"href":"https:\/\/www.pcnen.com\/portal\/wp-json\/wp\/v2\/users\/1"}],"replies":[{"embeddable":true,"href":"https:\/\/www.pcnen.com\/portal\/wp-json\/wp\/v2\/comments?post=215362"}],"version-history":[{"count":0,"href":"https:\/\/www.pcnen.com\/portal\/wp-json\/wp\/v2\/posts\/215362\/revisions"}],"wp:attachment":[{"href":"https:\/\/www.pcnen.com\/portal\/wp-json\/wp\/v2\/media?parent=215362"}],"wp:term":[{"taxonomy":"category","embeddable":true,"href":"https:\/\/www.pcnen.com\/portal\/wp-json\/wp\/v2\/categories?post=215362"},{"taxonomy":"post_tag","embeddable":true,"href":"https:\/\/www.pcnen.com\/portal\/wp-json\/wp\/v2\/tags?post=215362"}],"curies":[{"name":"wp","href":"https:\/\/api.w.org\/{rel}","templated":true}]}}