{"id":215321,"date":"2016-10-21T19:47:52","date_gmt":"2016-10-21T17:47:52","guid":{"rendered":"http:\/\/www.pcnen.com\/portal\/?p=215321"},"modified":"2016-10-21T19:49:55","modified_gmt":"2016-10-21T17:49:55","slug":"advokat-dikica-nevjerovatno-je-da-su-kljucni-dokazi-unisteni","status":"publish","type":"post","link":"https:\/\/www.pcnen.com\/portal\/2016\/10\/21\/advokat-dikica-nevjerovatno-je-da-su-kljucni-dokazi-unisteni\/","title":{"rendered":"Advokat Diki\u0107a: Nevjerovatno je da su klju\u010dni dokazi uni\u0161teni"},"content":{"rendered":"<p>Advokat Bratislava Diki\u0107a, biv\u0161eg na\u010delnika \u017dandarmerije koji je u nedjelju uhap\u0161en u Crnoj Gori je rekao da je nevjerovatno da dokazi za koje se navode da su klju\u010dni, poput oru\u017eja, mogu da budu uni\u0161teni, kako je sino\u0107 <a href=\"http:\/\/www.pcnen.com\/portal\/2016\/10\/20\/katnic-crna-gora-trebala-da-bude-u-crno-zavijena\/\">izjavio glavni specijalni tu\u017eilac Crne Gore<\/a> Milivoje Katni\u0107.<\/p>\n<p>\u201cNevjerovatno je da su krucijalni dokazi na osnovu kojih bi trebalo da se utvrdi da su gra\u0111ani Srbije pripremali dr\u017eavni udar u Crnoj Gori navodno uni\u0161teni\u201d, rekao je <a href=\"http:\/\/www.blic.rs\/vesti\/hronika\/dikicev-advokat-neverovatno-je-da-su-kljucni-dokazi-unisteni\/lf5xnmp\">za Blic<\/a> Milan Petrovi\u0107, advokat Bratislava Diki\u0107a, dodaju\u0107i da ta \u010dinjenica potvr\u0111uuje tezu odbrane da tog dokaza nije ni bilo.<\/p>\n<p>\u201cNe postoji nijedan dokaz koji ukazuje na to da su Bratislav Diki\u0107 i drugi uhap\u0161eni dr\u017eavljani Srbije u Crnoj Gori bili umije\u0161ani u to za \u0161ta ih tereti Specijalno tu\u017eila\u0161tvo\u201d, rekao je on.<\/p>\n<p>Petrovi\u0107 se osvrnuo i na <a href=\"http:\/\/www.pcnen.com\/portal\/2016\/10\/19\/dn-objavile-transkript-razgovora-dikica-i-saradnika\/\">transkript navodnog razgovora <\/a>Bratislava Diki\u0107a i izvjesnog Sin\u0111e, koji je, kako ka\u017ee &#8220;na \u010dudan na\u010din&#8221; objavljen u crnogorskim medijima.<\/p>\n<p>\u201cOdgovorno mogu da potvrdim da na tom transkriptu nije glas Bratislava Diki\u0107a. Ukoliko to bude stvarni dokaz, mi \u0107emo tra\u017eiti da se taj glas izvje\u0161ta\u010di i gotovo sigurno dokazati da smo u pravo\u201d, rekao je Petrovi\u0107.<\/p>\n<p>On je naglasio da &#8220;svi ti dokazi, po\u010dev od transkripata, preko oru\u017eja ne postoje, a realna situacija bi bila da Specijalno tu\u017eila\u0161tvo Crne Gore odustane od gonjenja nedu\u017enih srpskih gra\u0111ana, pusti ih iz pritvora i okon\u010da ovaj sramni postupak&#8221;.<\/p>\n<p>Glavni specijalni tu\u017eilac Crne Gore Milivoje Katni\u0107 izjavio je da to tu\u017eila\u0161tvo ima dokaze da je organizovana kriminalna grupa planirala da izvr\u0161i teroristi\u010dke napade na dan odr\u017eavanja izbora 16.oktobra, a da oru\u017eje nije u\u0161lo u Crnu Gori i da je uni\u0161teno.<\/p>\n","protected":false},"excerpt":{"rendered":"<p>Advokat Bratislava Diki\u0107a, biv\u0161eg na\u010delnika \u017dandarmerije koji je u nedjelju uhap\u0161en u Crnoj Gori je rekao da je nevjerovatno da dokazi za koje se navode da su klju\u010dni, poput oru\u017eja, mogu da budu uni\u0161teni, kako je sino\u0107 izjavio glavni specijalni tu\u017eilac Crne Gore Milivoje Katni\u0107. \u201cNevjerovatno je da su krucijalni dokazi na osnovu kojih bi [&hellip;]<\/p>\n","protected":false},"author":1,"featured_media":0,"comment_status":"open","ping_status":"closed","sticky":false,"template":"","format":"standard","meta":{"_seopress_robots_primary_cat":"","_seopress_titles_title":"","_seopress_titles_desc":"","_seopress_robots_index":"","_et_pb_use_builder":"","_et_pb_old_content":"","_et_gb_content_width":"","inline_featured_image":false,"footnotes":""},"categories":[14],"tags":[],"class_list":["post-215321","post","type-post","status-publish","format-standard","hentry","category-vijesti"],"_links":{"self":[{"href":"https:\/\/www.pcnen.com\/portal\/wp-json\/wp\/v2\/posts\/215321","targetHints":{"allow":["GET"]}}],"collection":[{"href":"https:\/\/www.pcnen.com\/portal\/wp-json\/wp\/v2\/posts"}],"about":[{"href":"https:\/\/www.pcnen.com\/portal\/wp-json\/wp\/v2\/types\/post"}],"author":[{"embeddable":true,"href":"https:\/\/www.pcnen.com\/portal\/wp-json\/wp\/v2\/users\/1"}],"replies":[{"embeddable":true,"href":"https:\/\/www.pcnen.com\/portal\/wp-json\/wp\/v2\/comments?post=215321"}],"version-history":[{"count":0,"href":"https:\/\/www.pcnen.com\/portal\/wp-json\/wp\/v2\/posts\/215321\/revisions"}],"wp:attachment":[{"href":"https:\/\/www.pcnen.com\/portal\/wp-json\/wp\/v2\/media?parent=215321"}],"wp:term":[{"taxonomy":"category","embeddable":true,"href":"https:\/\/www.pcnen.com\/portal\/wp-json\/wp\/v2\/categories?post=215321"},{"taxonomy":"post_tag","embeddable":true,"href":"https:\/\/www.pcnen.com\/portal\/wp-json\/wp\/v2\/tags?post=215321"}],"curies":[{"name":"wp","href":"https:\/\/api.w.org\/{rel}","templated":true}]}}