{"id":215302,"date":"2016-10-21T15:13:57","date_gmt":"2016-10-21T13:13:57","guid":{"rendered":"http:\/\/www.pcnen.com\/portal\/?p=215302"},"modified":"2016-10-21T15:13:57","modified_gmt":"2016-10-21T13:13:57","slug":"medojevic-pita-katnica-preko-fb","status":"publish","type":"post","link":"https:\/\/www.pcnen.com\/portal\/2016\/10\/21\/medojevic-pita-katnica-preko-fb\/","title":{"rendered":"Medojevi\u0107 pita Katni\u0107a preko FB"},"content":{"rendered":"<p><a href=\"http:\/\/www.pcnen.com\/portal\/wp-content\/uploads\/2012\/02\/Neboj\u0161a-Medojevi\u0107.jpg\"><img loading=\"lazy\" decoding=\"async\" src=\"http:\/\/www.pcnen.com\/portal\/wp-content\/uploads\/2012\/02\/Neboj\u0161a-Medojevi\u0107.jpg\" alt=\"Neboj\u0161a Medojevi\u0107\" width=\"289\" height=\"174\" class=\"alignleft size-full wp-image-75214\" \/><\/a>Jedan od lidera Demokratskog fronta Neboj\u0161a Medojevi\u0107 je, <a href=\"https:\/\/www.facebook.com\/nebojsa.medojevic?fref=ts\" target=\"_blank\">na svom FB profilu<\/a>, postavio nekoliko intrigantnih pitanja specijalnmom tu\u017eiocu Milivoju Katni\u0107u, koji je sino\u0107, gostuju\u0107i na TV Vijestima, rekao da ima pouzdane dokaze o pripremanju teroristi\u010dkih akcija u Crnoj Gori tokom izborne no\u0107i. <\/p>\n<blockquote><p>\u201cDa li su cg-policija i dr\u017e.tu\u017eila\u0161tvo raspisali interpol-poternicu za sindjeli\u0107em, za koga tvrde da je organizator teroristi\u010dke grupe \u010diji cilj je bio otmica cg-premjera, zauzima cg-parlamenta, ubijanje gradjana cg sve na dan izbora, obzirom da ga je spec.sr\u017e.tu\u017e definisalo javno kao organizatora dr\u017eavnog udara ?<br \/>\nDa li se vlada cg obratila vladi srb i zahtjevala izru\u010denje sindjeli\u0107a, obzirom na sve prethodno ?<br \/>\nKo je sa albanske strane u\u010destvovao u nabavci i trasnportu ovog oru\u017eja ?<br \/>\nKo je te nabavlja\u010de i trasnportere na albanskoj teritoriji spre\u010dio u toj namjeri ?<br \/>\nKoliko ljudi su zbog toga uhap\u0161eni u albaniji?\u201d<\/p><\/blockquote>\n<p>Prore\u017eimski medije u Crnoj Gori pripremu navodnog dr\u017eavnog udara u izbornoj no\u0107i indirektno pripisuju upravo Demokratskom frontu i onima koji, navodno, iz inostranstva podr\u017eavaju ovu opozicionu koaliciju.<\/p>\n","protected":false},"excerpt":{"rendered":"<p>Jedan od lidera Demokratskog fronta Neboj\u0161a Medojevi\u0107 je, na svom FB profilu, postavio nekoliko intrigantnih pitanja specijalnmom tu\u017eiocu Milivoju Katni\u0107u, koji je sino\u0107, gostuju\u0107i na TV Vijestima, rekao da ima pouzdane dokaze o pripremanju teroristi\u010dkih akcija u Crnoj Gori tokom izborne no\u0107i. \u201cDa li su cg-policija i dr\u017e.tu\u017eila\u0161tvo raspisali interpol-poternicu za sindjeli\u0107em, za koga tvrde [&hellip;]<\/p>\n","protected":false},"author":1,"featured_media":0,"comment_status":"open","ping_status":"closed","sticky":false,"template":"","format":"standard","meta":{"_seopress_robots_primary_cat":"","_seopress_titles_title":"","_seopress_titles_desc":"","_seopress_robots_index":"","_et_pb_use_builder":"","_et_pb_old_content":"","_et_gb_content_width":"","inline_featured_image":false,"footnotes":""},"categories":[14],"tags":[],"class_list":["post-215302","post","type-post","status-publish","format-standard","hentry","category-vijesti"],"_links":{"self":[{"href":"https:\/\/www.pcnen.com\/portal\/wp-json\/wp\/v2\/posts\/215302","targetHints":{"allow":["GET"]}}],"collection":[{"href":"https:\/\/www.pcnen.com\/portal\/wp-json\/wp\/v2\/posts"}],"about":[{"href":"https:\/\/www.pcnen.com\/portal\/wp-json\/wp\/v2\/types\/post"}],"author":[{"embeddable":true,"href":"https:\/\/www.pcnen.com\/portal\/wp-json\/wp\/v2\/users\/1"}],"replies":[{"embeddable":true,"href":"https:\/\/www.pcnen.com\/portal\/wp-json\/wp\/v2\/comments?post=215302"}],"version-history":[{"count":0,"href":"https:\/\/www.pcnen.com\/portal\/wp-json\/wp\/v2\/posts\/215302\/revisions"}],"wp:attachment":[{"href":"https:\/\/www.pcnen.com\/portal\/wp-json\/wp\/v2\/media?parent=215302"}],"wp:term":[{"taxonomy":"category","embeddable":true,"href":"https:\/\/www.pcnen.com\/portal\/wp-json\/wp\/v2\/categories?post=215302"},{"taxonomy":"post_tag","embeddable":true,"href":"https:\/\/www.pcnen.com\/portal\/wp-json\/wp\/v2\/tags?post=215302"}],"curies":[{"name":"wp","href":"https:\/\/api.w.org\/{rel}","templated":true}]}}