{"id":215238,"date":"2016-10-20T11:39:52","date_gmt":"2016-10-20T09:39:52","guid":{"rendered":"http:\/\/www.pcnen.com\/portal\/?p=215238"},"modified":"2016-10-20T16:43:23","modified_gmt":"2016-10-20T14:43:23","slug":"bivsa-menadzerka-ramade-saslusana-zbog-pisanja-na-fb","status":"publish","type":"post","link":"https:\/\/www.pcnen.com\/portal\/2016\/10\/20\/bivsa-menadzerka-ramade-saslusana-zbog-pisanja-na-fb\/","title":{"rendered":"Biv\u0161a menad\u017eerka Ramade saslu\u0161ana zbog pisanja na FB"},"content":{"rendered":"<p><a href=\"http:\/\/www.pcnen.com\/portal\/wp-content\/uploads\/2016\/09\/PATRICIJA-POBRIC.jpg\"><img loading=\"lazy\" decoding=\"async\" src=\"http:\/\/www.pcnen.com\/portal\/wp-content\/uploads\/2016\/09\/PATRICIJA-POBRIC-300x256.jpg\" alt=\"patricija-pobric\" width=\"300\" height=\"256\" class=\"alignright size-medium wp-image-213869\" \/><\/a>Biv\u0161a menad\u017eerka hotela Ramada Patricia Pobri\u0107 saslu\u0161avana u Centru bezbjednosti Podgorica zbog statusa na Fejsbuku.<\/p>\n<p>Pobri\u0107 je pozvana na informativni razgovor u podgori\u010dki Centar bezbjednosti jer je na Fejsbuku pozivala na smjenu \u201cdiktatura\u201d, i na proteste zbog nefer izbora, pi\u0161e Dan.<\/p>\n<p>Pobri\u0107 je napisala: \u201c\u0160ta je opozicijo???? Priznajete izbore? Niste hteli bojkot, niste hteli svi zajedno, znate sta se desilo, i kako. \u0106utite i dajete legitimitet, priznajete, i sad ne\u0107ete na ulice. Sve pogre\u0161no, Sad odgovornost &#8211; ostavke ili ulica. Dosta vi\u0161e borbe u bijelim rukavicama i izbegavanje konflika. Ni\u0161ta ovde nije bilo ni fer ni slobodno. Samo nemiri mogu promijeniti stvari. Prestanite ma\u0107i diktatora civilizovano. Ho\u0107emo li sad \u0107utati i trpiti prestolonaslednika? Sramota. Hajdemo ljudi, pa i bez lidera i partija. Na ulice u 7 ve\u010deras. Evo \u017eena vas poziva, ne partija. SVI\u201c, napisala je Pobri\u0107<\/p>\n<p>Pobri\u0107 je u izjavi za Dan navela da je dva dana nakon izbora objavila fejsbuk status revoltirana odlukom opozicije, uprkos navodnom poku\u0161aju dr\u017eavnog udara. Ona je rekla da je poziv na informativni razgovor dobila deset minuta nakon \u0161to je objavila gore navedeni status.<\/p>\n<p>&#8220;Dr\u017eali su me tri sata, ispitivali o tome, aludiraju\u0107i da \u0107e me mo\u017eda privesti i zadr\u017eati tamo. Ja sam rekla da je to neprihvatljivo, dokle god ne dobijem neki dokument i nalog o privo\u0111enju i da \u017eelim da zovem advokata jer sam do\u0161la svojom voljom i bez ikakvog pisanog dokumenta&#8221;, ispri\u010dala je Pobri\u0107.<\/p>\n<p>Ona je Danu rekla da je inspektora interesovalo ko je pla\u0107a, da li su to Amerikanci po\u0161to ima njihovo dr\u017eavljanstvo. Kada sam kazala da moja djeca treba da idu na trening, inspektor je rekao: &#8220;Pozdravi Osmanagi\u0107a, neka ih on vrati ku\u0107i&#8221;, \u0161to me je iritiralo. O\u010dito je da zna ko im je trener, kuda se kre\u0107u&#8221;, dodala je Pobri\u0107.<\/p>\n<p>Pobri\u0107 je, kao menad\u017eerka hotela Ramada, dostavila poslaniku Mladenu Bojani\u0107u, dokumenta koja su ukazivala da je Direktor Direkcije za \u017eeljezni\u010dki saobra\u0107aj Neboj\u0161a Obradovi\u0107 novcem ovog javnog preduze\u0107a platio tro\u0161kove partijskog skupa Socijaldemokratije. Pobri\u0107 je tim povodom zatra\u017eila status zvi\u017eda\u010da ali joj nije dodijeljen. Njoj nakon ove afere nije produ\u017een radni ugovor u hotelu Ramada.<\/p>\n","protected":false},"excerpt":{"rendered":"<p>Biv\u0161a menad\u017eerka hotela Ramada Patricia Pobri\u0107 saslu\u0161avana u Centru bezbjednosti Podgorica zbog statusa na Fejsbuku. Pobri\u0107 je pozvana na informativni razgovor u podgori\u010dki Centar bezbjednosti jer je na Fejsbuku pozivala na smjenu \u201cdiktatura\u201d, i na proteste zbog nefer izbora, pi\u0161e Dan. Pobri\u0107 je napisala: \u201c\u0160ta je opozicijo???? Priznajete izbore? Niste hteli bojkot, niste hteli svi [&hellip;]<\/p>\n","protected":false},"author":1,"featured_media":0,"comment_status":"open","ping_status":"closed","sticky":false,"template":"","format":"standard","meta":{"_seopress_robots_primary_cat":"","_seopress_titles_title":"","_seopress_titles_desc":"","_seopress_robots_index":"","_et_pb_use_builder":"","_et_pb_old_content":"","_et_gb_content_width":"","inline_featured_image":false,"footnotes":""},"categories":[14,12],"tags":[],"class_list":["post-215238","post","type-post","status-publish","format-standard","hentry","category-vijesti","category-prica-dana"],"_links":{"self":[{"href":"https:\/\/www.pcnen.com\/portal\/wp-json\/wp\/v2\/posts\/215238","targetHints":{"allow":["GET"]}}],"collection":[{"href":"https:\/\/www.pcnen.com\/portal\/wp-json\/wp\/v2\/posts"}],"about":[{"href":"https:\/\/www.pcnen.com\/portal\/wp-json\/wp\/v2\/types\/post"}],"author":[{"embeddable":true,"href":"https:\/\/www.pcnen.com\/portal\/wp-json\/wp\/v2\/users\/1"}],"replies":[{"embeddable":true,"href":"https:\/\/www.pcnen.com\/portal\/wp-json\/wp\/v2\/comments?post=215238"}],"version-history":[{"count":0,"href":"https:\/\/www.pcnen.com\/portal\/wp-json\/wp\/v2\/posts\/215238\/revisions"}],"wp:attachment":[{"href":"https:\/\/www.pcnen.com\/portal\/wp-json\/wp\/v2\/media?parent=215238"}],"wp:term":[{"taxonomy":"category","embeddable":true,"href":"https:\/\/www.pcnen.com\/portal\/wp-json\/wp\/v2\/categories?post=215238"},{"taxonomy":"post_tag","embeddable":true,"href":"https:\/\/www.pcnen.com\/portal\/wp-json\/wp\/v2\/tags?post=215238"}],"curies":[{"name":"wp","href":"https:\/\/api.w.org\/{rel}","templated":true}]}}