{"id":215190,"date":"2016-10-19T11:31:39","date_gmt":"2016-10-19T09:31:39","guid":{"rendered":"http:\/\/www.pcnen.com\/portal\/?p=215190"},"modified":"2016-10-19T12:40:40","modified_gmt":"2016-10-19T10:40:40","slug":"predsjednik-i-clanovi-savjeta-prekidaju-saradnju-sa-pozitivnom","status":"publish","type":"post","link":"https:\/\/www.pcnen.com\/portal\/2016\/10\/19\/predsjednik-i-clanovi-savjeta-prekidaju-saradnju-sa-pozitivnom\/","title":{"rendered":"Predsjednik i \u010dlanovi savjeta prekidaju saradnju sa Pozitivnom"},"content":{"rendered":"<p>Predsjednik Politi\u010dkog savjeta Pozitivne Crne Gore Ranko \u0110onovi\u0107 i \u010dlanovi Savjeta Milenko A. Perovi\u0107, Vuki\u0107 Pulevi\u0107, Sreten Vujovi\u0107, Svetozar Savi\u0107, Sveto Miliki\u0107 i Miodrag Mijo Vu\u010deti\u0107, odlu\u010dili su da prekidaju dalju saradnju sa sa <a href=\"http:\/\/www.pcnen.com\/portal\/2016\/07\/18\/pajovic-podnio-prijavu-protiv-poslanika-df\/\">predstavnicima i organima Pozitivne Crne Gor<\/a>e, navodi se u soap\u0161tenju.<\/p>\n<p>Kao obrazlo\u017eenje za taj postupak navode odluku Pozitivne Crne Gore da njen predstavnik u Dr\u017eavnoj izbornoj komisiji<a href=\"http:\/\/www.pcnen.com\/portal\/2016\/10\/18\/dik-usvojio-preliminarne-rezultate-izbora\/\"> ne potpi\u0161e preliminarni izvje\u0161taj.<\/a><\/p>\n<p>&#8220;Smatramo da je ta odluka u suprotnosti s dr\u017eanjem ove partije u doga\u0111ajima od 27. januara ove godine te da direktno ide naruku onima koji nastoje ugroziti ne samo politi\u010dku stablnost Crne Gore, nego i njen dr\u017eavni integritet. Zbog toga smo odlu\u010dili da prekinemo dalju saradnju s predstavnicima i organima Pozitivne Crne Gore&#8221;, navodi se u saop\u0161tenju, prenosi portal Vijesti.<\/p>\n","protected":false},"excerpt":{"rendered":"<p>Predsjednik Politi\u010dkog savjeta Pozitivne Crne Gore Ranko \u0110onovi\u0107 i \u010dlanovi Savjeta Milenko A. Perovi\u0107, Vuki\u0107 Pulevi\u0107, Sreten Vujovi\u0107, Svetozar Savi\u0107, Sveto Miliki\u0107 i Miodrag Mijo Vu\u010deti\u0107, odlu\u010dili su da prekidaju dalju saradnju sa sa predstavnicima i organima Pozitivne Crne Gore, navodi se u soap\u0161tenju. Kao obrazlo\u017eenje za taj postupak navode odluku Pozitivne Crne Gore da [&hellip;]<\/p>\n","protected":false},"author":1,"featured_media":0,"comment_status":"open","ping_status":"closed","sticky":false,"template":"","format":"standard","meta":{"_seopress_robots_primary_cat":"","_seopress_titles_title":"","_seopress_titles_desc":"","_seopress_robots_index":"","_et_pb_use_builder":"","_et_pb_old_content":"","_et_gb_content_width":"","inline_featured_image":false,"footnotes":""},"categories":[14],"tags":[],"class_list":["post-215190","post","type-post","status-publish","format-standard","hentry","category-vijesti"],"_links":{"self":[{"href":"https:\/\/www.pcnen.com\/portal\/wp-json\/wp\/v2\/posts\/215190","targetHints":{"allow":["GET"]}}],"collection":[{"href":"https:\/\/www.pcnen.com\/portal\/wp-json\/wp\/v2\/posts"}],"about":[{"href":"https:\/\/www.pcnen.com\/portal\/wp-json\/wp\/v2\/types\/post"}],"author":[{"embeddable":true,"href":"https:\/\/www.pcnen.com\/portal\/wp-json\/wp\/v2\/users\/1"}],"replies":[{"embeddable":true,"href":"https:\/\/www.pcnen.com\/portal\/wp-json\/wp\/v2\/comments?post=215190"}],"version-history":[{"count":0,"href":"https:\/\/www.pcnen.com\/portal\/wp-json\/wp\/v2\/posts\/215190\/revisions"}],"wp:attachment":[{"href":"https:\/\/www.pcnen.com\/portal\/wp-json\/wp\/v2\/media?parent=215190"}],"wp:term":[{"taxonomy":"category","embeddable":true,"href":"https:\/\/www.pcnen.com\/portal\/wp-json\/wp\/v2\/categories?post=215190"},{"taxonomy":"post_tag","embeddable":true,"href":"https:\/\/www.pcnen.com\/portal\/wp-json\/wp\/v2\/tags?post=215190"}],"curies":[{"name":"wp","href":"https:\/\/api.w.org\/{rel}","templated":true}]}}