{"id":215168,"date":"2016-10-19T08:06:40","date_gmt":"2016-10-19T06:06:40","guid":{"rendered":"http:\/\/www.pcnen.com\/portal\/?p=215168"},"modified":"2016-10-19T08:06:40","modified_gmt":"2016-10-19T06:06:40","slug":"dn-objavile-transkript-razgovora-dikica-i-saradnika","status":"publish","type":"post","link":"https:\/\/www.pcnen.com\/portal\/2016\/10\/19\/dn-objavile-transkript-razgovora-dikica-i-saradnika\/","title":{"rendered":"DN objavile transkript razgovora Diki\u0107a i saradnika"},"content":{"rendered":"<p><a href=\"http:\/\/www.pcnen.com\/portal\/wp-content\/uploads\/2012\/04\/oporezivanje-mobitela.jpg\"><img loading=\"lazy\" decoding=\"async\" src=\"http:\/\/www.pcnen.com\/portal\/wp-content\/uploads\/2012\/04\/oporezivanje-mobitela.jpg\" alt=\"mobil telefon\" width=\"300\" height=\"225\" class=\"alignleft size-full wp-image-80588\" \/><\/a>Podgori\u010dke Dnevne novine su objavile djelove transkript razgovora koji je navodno vodio osumnji\u010deni penzionisani general srbijanske \u017eandarmerije Bratislav Diki\u0107 sa nekim iz grupe koja je,<a href=\"http:\/\/www.pcnen.com\/portal\/2016\/10\/16\/sdt-osumnjiceni-planirali-da-lise-slobode-mila-dukanovica\/\" target=\"_blank\"> prema osnovanim  sumnjama crnogorske policije<\/a>, trebala da u izbornoj no\u0107i izvede teroristi\u010dke napade u Podgorici.<\/p>\n<p>U javnost je procurio transkript presretnutih razgovora izme\u0111u Bratislava Bate Diki\u0107a i njegovih saradnika u pripremi teroristi\u010dkog napada na izborni dan u Crnoj Gori. <\/p>\n<p>Razgovori su presretani sedam dana prije izbora. Iz dijela te komunikacije se vidi da je bilo koordinacije izme\u0111u Diki\u0107a i njegove grupe sa odre\u0111enim politi\u010dkim subjektima u Crnoj Gori i paraobavje\u0161tajnim strukturama iz Rusije koji vode kampanju protiv NATO-a, pi\u0161u Dnevne novine, <a href=\"http:\/\/www.cdm.me\/node\/449173\" target=\"_blank\">prenosi CdM.<\/a><\/p>\n","protected":false},"excerpt":{"rendered":"<p>Podgori\u010dke Dnevne novine su objavile djelove transkript razgovora koji je navodno vodio osumnji\u010deni penzionisani general srbijanske \u017eandarmerije Bratislav Diki\u0107 sa nekim iz grupe koja je, prema osnovanim sumnjama crnogorske policije, trebala da u izbornoj no\u0107i izvede teroristi\u010dke napade u Podgorici. U javnost je procurio transkript presretnutih razgovora izme\u0111u Bratislava Bate Diki\u0107a i njegovih saradnika u [&hellip;]<\/p>\n","protected":false},"author":1,"featured_media":0,"comment_status":"open","ping_status":"closed","sticky":false,"template":"","format":"standard","meta":{"_seopress_robots_primary_cat":"","_seopress_titles_title":"","_seopress_titles_desc":"","_seopress_robots_index":"","_et_pb_use_builder":"","_et_pb_old_content":"","_et_gb_content_width":"","inline_featured_image":false,"footnotes":""},"categories":[14],"tags":[],"class_list":["post-215168","post","type-post","status-publish","format-standard","hentry","category-vijesti"],"_links":{"self":[{"href":"https:\/\/www.pcnen.com\/portal\/wp-json\/wp\/v2\/posts\/215168","targetHints":{"allow":["GET"]}}],"collection":[{"href":"https:\/\/www.pcnen.com\/portal\/wp-json\/wp\/v2\/posts"}],"about":[{"href":"https:\/\/www.pcnen.com\/portal\/wp-json\/wp\/v2\/types\/post"}],"author":[{"embeddable":true,"href":"https:\/\/www.pcnen.com\/portal\/wp-json\/wp\/v2\/users\/1"}],"replies":[{"embeddable":true,"href":"https:\/\/www.pcnen.com\/portal\/wp-json\/wp\/v2\/comments?post=215168"}],"version-history":[{"count":0,"href":"https:\/\/www.pcnen.com\/portal\/wp-json\/wp\/v2\/posts\/215168\/revisions"}],"wp:attachment":[{"href":"https:\/\/www.pcnen.com\/portal\/wp-json\/wp\/v2\/media?parent=215168"}],"wp:term":[{"taxonomy":"category","embeddable":true,"href":"https:\/\/www.pcnen.com\/portal\/wp-json\/wp\/v2\/categories?post=215168"},{"taxonomy":"post_tag","embeddable":true,"href":"https:\/\/www.pcnen.com\/portal\/wp-json\/wp\/v2\/tags?post=215168"}],"curies":[{"name":"wp","href":"https:\/\/api.w.org\/{rel}","templated":true}]}}