{"id":215127,"date":"2016-10-18T12:16:20","date_gmt":"2016-10-18T10:16:20","guid":{"rendered":"http:\/\/www.pcnen.com\/portal\/?p=215127"},"modified":"2016-10-18T12:18:01","modified_gmt":"2016-10-18T10:18:01","slug":"cgmedu-uhapsenima-i-hodocasnici","status":"publish","type":"post","link":"https:\/\/www.pcnen.com\/portal\/2016\/10\/18\/cgmedu-uhapsenima-i-hodocasnici\/","title":{"rendered":"CG: Me\u0111u uhap\u0161enima i hodo\u010dasnici?"},"content":{"rendered":"<p>Dio grupe srpkih dr\u017eavljana koje su uo\u010di nedjeljnih izbora u &#8220;<a href=\"http:\/\/www.pcnen.com\/portal\/2016\/10\/16\/stojanovic-potvrdio-hapsenje-20-osoba\/\">spektakularnoj akciji&#8221; li\u0161ili slobode <\/a>crnogorski policajci, zbog navodnog izazivanja dr\u017eavnog udara, prema nezvani\u010dnim saznanjima, bili su hodo\u010dasnici.<\/p>\n<p>Uhap\u0161eni su, me\u0111u kojima i jedna sredovje\u010dna \u017eena, i\u0161li u Ostrog na poklonjenje Svetom Vasiliju Ostro\u0161kom. Jedan mladi\u0107 iz te grupe, kako prenose <a href=\"http:\/\/www.novosti.rs\/vesti\/planeta.300.html:630554-Medju-uhapsenima-u-Crnoj-Gori-i-hodocasnici\">Ve\u010dernje novosti<\/a>, vidno bolestan tra\u017eio je blagoslov od svetitelja za isceljenje. <\/p>\n<p>Nakon obilaska svetinje grupa je put nastavila do Podgorice, da bi ih nedaleko od grada u naselju Bio\u010de zaustavila policija i privela zbog sumnji da su dio &#8220;teroristi\u010dke&#8221; grupe koja je namjeravala da izaziva nerede nakon progla\u0161enja rezultata izbora i uhapse Mila \u0110ukanovi\u0107a.<\/p>\n","protected":false},"excerpt":{"rendered":"<p>Dio grupe srpkih dr\u017eavljana koje su uo\u010di nedjeljnih izbora u &#8220;spektakularnoj akciji&#8221; li\u0161ili slobode crnogorski policajci, zbog navodnog izazivanja dr\u017eavnog udara, prema nezvani\u010dnim saznanjima, bili su hodo\u010dasnici. Uhap\u0161eni su, me\u0111u kojima i jedna sredovje\u010dna \u017eena, i\u0161li u Ostrog na poklonjenje Svetom Vasiliju Ostro\u0161kom. Jedan mladi\u0107 iz te grupe, kako prenose Ve\u010dernje novosti, vidno bolestan tra\u017eio [&hellip;]<\/p>\n","protected":false},"author":1,"featured_media":0,"comment_status":"open","ping_status":"closed","sticky":false,"template":"","format":"standard","meta":{"_seopress_robots_primary_cat":"","_seopress_titles_title":"","_seopress_titles_desc":"","_seopress_robots_index":"","_et_pb_use_builder":"","_et_pb_old_content":"","_et_gb_content_width":"","inline_featured_image":false,"footnotes":""},"categories":[14],"tags":[],"class_list":["post-215127","post","type-post","status-publish","format-standard","hentry","category-vijesti"],"_links":{"self":[{"href":"https:\/\/www.pcnen.com\/portal\/wp-json\/wp\/v2\/posts\/215127","targetHints":{"allow":["GET"]}}],"collection":[{"href":"https:\/\/www.pcnen.com\/portal\/wp-json\/wp\/v2\/posts"}],"about":[{"href":"https:\/\/www.pcnen.com\/portal\/wp-json\/wp\/v2\/types\/post"}],"author":[{"embeddable":true,"href":"https:\/\/www.pcnen.com\/portal\/wp-json\/wp\/v2\/users\/1"}],"replies":[{"embeddable":true,"href":"https:\/\/www.pcnen.com\/portal\/wp-json\/wp\/v2\/comments?post=215127"}],"version-history":[{"count":0,"href":"https:\/\/www.pcnen.com\/portal\/wp-json\/wp\/v2\/posts\/215127\/revisions"}],"wp:attachment":[{"href":"https:\/\/www.pcnen.com\/portal\/wp-json\/wp\/v2\/media?parent=215127"}],"wp:term":[{"taxonomy":"category","embeddable":true,"href":"https:\/\/www.pcnen.com\/portal\/wp-json\/wp\/v2\/categories?post=215127"},{"taxonomy":"post_tag","embeddable":true,"href":"https:\/\/www.pcnen.com\/portal\/wp-json\/wp\/v2\/tags?post=215127"}],"curies":[{"name":"wp","href":"https:\/\/api.w.org\/{rel}","templated":true}]}}