{"id":215090,"date":"2016-10-17T21:04:34","date_gmt":"2016-10-17T19:04:34","guid":{"rendered":"http:\/\/www.pcnen.com\/portal\/?p=215090"},"modified":"2016-10-17T21:45:46","modified_gmt":"2016-10-17T19:45:46","slug":"opozicija-ne-priznaje-rezultate-izbora","status":"publish","type":"post","link":"https:\/\/www.pcnen.com\/portal\/2016\/10\/17\/opozicija-ne-priznaje-rezultate-izbora\/","title":{"rendered":"Opozicija ne priznaje rezultate izbora"},"content":{"rendered":"<p><a href=\"http:\/\/www.pcnen.com\/portal\/wp-content\/uploads\/2016\/10\/crna-gora-izbori.jpg\"><img loading=\"lazy\" decoding=\"async\" src=\"http:\/\/www.pcnen.com\/portal\/wp-content\/uploads\/2016\/10\/crna-gora-izbori-300x263.jpg\" alt=\"crna-gora-izbori\" width=\"300\" height=\"263\" class=\"alignleft size-medium wp-image-215091\" \/><\/a>Koalicija Klju\u010d, SDP, Demokratski front i Demokrate osporava\u0107e rezultat parlamentarnih izbora odr\u017eanih ju\u010de, potvr\u0111eno je Vijestima.<\/p>\n<p>Te partije su se dogovorile da ne priznaju rezultat jer se na izborni dan desio poku\u0161aj dr\u017eavnog udara, \u0161to je, prema njihovom mi\u0161ljenju, uticalo na izborni rezultat.<\/p>\n<p>Ju\u010de je, na izborni dan, objavljeno da je uhap\u0161eno 20 dr\u017eavljana Srbije koji su osumnji\u010deni da su imali namjeru da zauzumu institucije, pucaju po gra\u0111anima i uhapse premijera Mila \u0110ukanovi\u0107a.<\/p>\n<p>Kako Vijesti saznaju, u Skup\u0161tini je odr\u017ean sastanak Klju\u010da, SDP-a, Demokrata i DF-a koji su saglasni da se rezultat izbora ne prizna.<\/p>\n<p>Oni su se usaglasili oko toga da rezultate ne treba priznati, \u201cimaju\u0107i u vidu da su ovaj izborni proces pratile takve zloupotrebe, koje su po sadr\u017eaju i broju nadma\u0161ile sve prethodne izborne procese u istoriji parlamentarizma Crne Gore\u201d.<\/p>\n<p>Tako\u0111e, Klju\u010d, SDP, DF i Demokrate su saglasni da posebno treba imati u vidu \u010dinjenicu da su pojedini mediji ve\u0107 u subotu najavili, a dr\u017eavni organi Crne Gore u nedjelju saop\u0161tili, da se tokom izbornog dana desio poku\u0161aj dr\u017eavnog udara.<\/p>\n<p>\u201cJasno je da se u atmosferi dr\u017eavnog udara na sam dan izbora ne mogu odr\u017eati slobodni, fer i po\u0161teni izbori\u201d, naveo je izvor Vijesti sa sastanka.<\/p>\n<p>Vijesti saznaju da opozicija insistira na tome da nezavisna komisija u okviru koje treba uklju\u010diti i predstavnike me\u0111unarodne zajednice konstatuje i ispita sve \u010dinjenice u vezi sa navedenim dr\u017eavnim udarom i javnosti saop\u0161ti ko su izvr\u0161ioci, a ko nalogodavci ovog krivi\u010dnog djela.<\/p>\n","protected":false},"excerpt":{"rendered":"<p>Koalicija Klju\u010d, SDP, Demokratski front i Demokrate osporava\u0107e rezultat parlamentarnih izbora odr\u017eanih ju\u010de, potvr\u0111eno je Vijestima. Te partije su se dogovorile da ne priznaju rezultat jer se na izborni dan desio poku\u0161aj dr\u017eavnog udara, \u0161to je, prema njihovom mi\u0161ljenju, uticalo na izborni rezultat. Ju\u010de je, na izborni dan, objavljeno da je uhap\u0161eno 20 dr\u017eavljana Srbije [&hellip;]<\/p>\n","protected":false},"author":1,"featured_media":0,"comment_status":"open","ping_status":"closed","sticky":false,"template":"","format":"standard","meta":{"_seopress_robots_primary_cat":"","_seopress_titles_title":"","_seopress_titles_desc":"","_seopress_robots_index":"","_et_pb_use_builder":"","_et_pb_old_content":"","_et_gb_content_width":"","inline_featured_image":false,"footnotes":""},"categories":[14,12],"tags":[],"class_list":["post-215090","post","type-post","status-publish","format-standard","hentry","category-vijesti","category-prica-dana"],"_links":{"self":[{"href":"https:\/\/www.pcnen.com\/portal\/wp-json\/wp\/v2\/posts\/215090","targetHints":{"allow":["GET"]}}],"collection":[{"href":"https:\/\/www.pcnen.com\/portal\/wp-json\/wp\/v2\/posts"}],"about":[{"href":"https:\/\/www.pcnen.com\/portal\/wp-json\/wp\/v2\/types\/post"}],"author":[{"embeddable":true,"href":"https:\/\/www.pcnen.com\/portal\/wp-json\/wp\/v2\/users\/1"}],"replies":[{"embeddable":true,"href":"https:\/\/www.pcnen.com\/portal\/wp-json\/wp\/v2\/comments?post=215090"}],"version-history":[{"count":0,"href":"https:\/\/www.pcnen.com\/portal\/wp-json\/wp\/v2\/posts\/215090\/revisions"}],"wp:attachment":[{"href":"https:\/\/www.pcnen.com\/portal\/wp-json\/wp\/v2\/media?parent=215090"}],"wp:term":[{"taxonomy":"category","embeddable":true,"href":"https:\/\/www.pcnen.com\/portal\/wp-json\/wp\/v2\/categories?post=215090"},{"taxonomy":"post_tag","embeddable":true,"href":"https:\/\/www.pcnen.com\/portal\/wp-json\/wp\/v2\/tags?post=215090"}],"curies":[{"name":"wp","href":"https:\/\/api.w.org\/{rel}","templated":true}]}}