{"id":215006,"date":"2016-10-16T19:35:48","date_gmt":"2016-10-16T17:35:48","guid":{"rendered":"http:\/\/www.pcnen.com\/portal\/?p=215006"},"modified":"2016-10-16T20:13:04","modified_gmt":"2016-10-16T18:13:04","slug":"suspendovana-zabrana-koriscenja-aplikacija-viber-i-whatsapp","status":"publish","type":"post","link":"https:\/\/www.pcnen.com\/portal\/2016\/10\/16\/suspendovana-zabrana-koriscenja-aplikacija-viber-i-whatsapp\/","title":{"rendered":"Suspendovana zabrana kori\u0161\u0107enja aplikacija Viber i WhatsApp"},"content":{"rendered":"<p><a href=\"http:\/\/www.pcnen.com\/portal\/wp-content\/uploads\/2016\/01\/viber.jpg\"><img loading=\"lazy\" decoding=\"async\" src=\"http:\/\/www.pcnen.com\/portal\/wp-content\/uploads\/2016\/01\/viber-300x160.jpg\" alt=\"viber\" width=\"300\" height=\"160\" class=\"alignleft size-medium wp-image-197226\" \/><\/a><\/p>\n<p>Agencija za elektronske komunikacije i po\u0161tansku djelatnost je nalo\u017eila suspenziju zabrane kori\u0161\u0107enja aplikacija Viber, WhatsApp i drugih sli\u010dnih servisa, koja je tokom dana upu\u0107ena svim telekomunikacionim operatorima u Crnoj Gori. <\/p>\n<p>Servisi su ponovo dostupni od 19.30 sati. <\/p>\n<p>Kako je ranije saop\u0161teno, prema nalogu Agencije, operatori su bili du\u017eni da sprovedu mjeru privremene zabrane kori\u0161\u0107enja navedenih aplikacija jer su, kako je obja\u0161njeno, upotrijebljene za ne\u017eeljenu komunikaciju, a u skladu sa odredbama Zakona o elektronskim komunikacijama. Zakon predvi\u0111a da je komunikacija za potrebe direktnog marketinga dozvoljena samo uz prethodno pribavljenu saglasnost korisnika.<\/p>\n<p>Kompanije Crnogorski Telekom, Telenor i M:tel su saop\u0161tile da one nijesu ustupale podatke o svojim korisnicima i da po\u0161tuju najstro\u017eije bezbjedonosne standarde i procedure za\u0161tite korisnika i njihovih podataka.<\/p>\n<p>Naredba Agencije je nai\u0161la na osudu nevladinih organizacija koje brinu o regularnosti izbora i gra\u0111ana na dru\u0161tvenim mre\u017eama.<\/p>\n<p>Iz Socijaldemokratske partije su najavili da \u0107e podnijeti krivi\u010dnu prijavu protiv izvr\u0161nog direktora Agencije Zorana Sekuli\u0107a zbog ukidanja prava gra\u0111anima na komunikaciju u toku izbornog dana.<\/p>\n<p> \u201cUkidanje Vibera i WhatsApp-a predstavlja direktan udar na Ustavom zagarantovanu slobodu komunikacije gra\u0111ana. Ova sredstva komunikacije su upravo ona koja su kori\u0161\u0107ena za distribuciju dokaza o izbornim zloupotrebama koje su zabilje\u017eenje danas tokom dana\u201d, saop\u0161tio je kandidat za poslanika SDP Mirko Stani\u0107.<\/p>\n","protected":false},"excerpt":{"rendered":"<p>Naredba Agencije je nai\u0161la na osudu nevladinih organizacija koje brinu o regularnosti izbora i gra\u0111ana na dru\u0161tvenim mre\u017eama.<\/p>\n","protected":false},"author":1,"featured_media":0,"comment_status":"open","ping_status":"closed","sticky":false,"template":"","format":"standard","meta":{"_seopress_robots_primary_cat":"","_seopress_titles_title":"","_seopress_titles_desc":"","_seopress_robots_index":"","_et_pb_use_builder":"","_et_pb_old_content":"","_et_gb_content_width":"","inline_featured_image":false,"footnotes":""},"categories":[14,12],"tags":[],"class_list":["post-215006","post","type-post","status-publish","format-standard","hentry","category-vijesti","category-prica-dana"],"_links":{"self":[{"href":"https:\/\/www.pcnen.com\/portal\/wp-json\/wp\/v2\/posts\/215006","targetHints":{"allow":["GET"]}}],"collection":[{"href":"https:\/\/www.pcnen.com\/portal\/wp-json\/wp\/v2\/posts"}],"about":[{"href":"https:\/\/www.pcnen.com\/portal\/wp-json\/wp\/v2\/types\/post"}],"author":[{"embeddable":true,"href":"https:\/\/www.pcnen.com\/portal\/wp-json\/wp\/v2\/users\/1"}],"replies":[{"embeddable":true,"href":"https:\/\/www.pcnen.com\/portal\/wp-json\/wp\/v2\/comments?post=215006"}],"version-history":[{"count":0,"href":"https:\/\/www.pcnen.com\/portal\/wp-json\/wp\/v2\/posts\/215006\/revisions"}],"wp:attachment":[{"href":"https:\/\/www.pcnen.com\/portal\/wp-json\/wp\/v2\/media?parent=215006"}],"wp:term":[{"taxonomy":"category","embeddable":true,"href":"https:\/\/www.pcnen.com\/portal\/wp-json\/wp\/v2\/categories?post=215006"},{"taxonomy":"post_tag","embeddable":true,"href":"https:\/\/www.pcnen.com\/portal\/wp-json\/wp\/v2\/tags?post=215006"}],"curies":[{"name":"wp","href":"https:\/\/api.w.org\/{rel}","templated":true}]}}