{"id":214991,"date":"2016-10-16T15:11:28","date_gmt":"2016-10-16T13:11:28","guid":{"rendered":"http:\/\/www.pcnen.com\/portal\/?p=214991"},"modified":"2016-10-16T15:13:16","modified_gmt":"2016-10-16T13:13:16","slug":"sdt-osumnjiceni-planirali-da-lise-slobode-mila-dukanovica","status":"publish","type":"post","link":"https:\/\/www.pcnen.com\/portal\/2016\/10\/16\/sdt-osumnjiceni-planirali-da-lise-slobode-mila-dukanovica\/","title":{"rendered":"SDT: Osumnji\u010deni planirali da li\u0161e slobode Mila \u0110ukanovi\u0107a"},"content":{"rendered":"<p><a href=\"http:\/\/www.pcnen.com\/portal\/wp-content\/uploads\/2015\/03\/hapsenje-foto-mondo.rs_.jpg\"><img loading=\"lazy\" decoding=\"async\" src=\"http:\/\/www.pcnen.com\/portal\/wp-content\/uploads\/2015\/03\/hapsenje-foto-mondo.rs_-300x168.jpg\" alt=\"hapsenje, foto mondo.rs\" width=\"300\" height=\"168\" class=\"alignleft size-medium wp-image-175321\" \/><\/a>Specijalno dr\u017eavno tu\u017eila\u0161tvo (SDT) Crne Gore je saop\u0161tilo da je, po njegovom nalogu, <a href=\"http:\/\/www.pcnen.com\/portal\/2016\/10\/16\/stojanovic-potvrdio-hapsenje-20-osoba\/\">li\u0161eno slobode 20 osoba<\/a>, dr\u017eavljana Republike Srbije, za koje postoji osnov sumnje da su izvr\u0161ili krivi\u010dna djela \u2013 stvaranje kriminalne organizacije u sticaju sa krivi\u010dnim djelom terorizam. <\/p>\n<p>\u201cOsnovano se sumnja da je po\u010detkom oktobra u Srbiji i Crnoj Gori formirana kriminalna organizacija, s ciljem uticaja na zakonodavnu i izvr\u0161nu vlast u Crnoj Gori. Sumnja se da je plan ove organizacije bio da u vrijeme progla\u0161enja rezultata na parlamentarnim izborima, uz upotrebu oru\u017eja, napadnu okupljene gra\u0111ane ispred Skup\u0161tine Crne Gore i slu\u017ebenike Uprave policije, a da potom zauzmu prostorije Skup\u0161tine, s namjerom da proglase izbornu pobjedu odre\u0111enih politi\u010dkih partija\u201d, <a href=\"http:\/\/www.tuzilastvocg.me\/index.php\/saopstenja\" target=\"_blank\">saop\u0161teno je iz SDT.<\/a><\/p>\n<p>\u201cTako\u0111e se sumnja da je plan kriminalne organizacije bilo li\u0161avanje slobode premijera Crne Gore\u201d, navodi se u saop\u0161tenju.<\/p>\n<p>\u201cS ciljem realizacije navedenog plana, organizator grupe, B.D., ju\u010de je u ranim jutarnjim \u010dasovima do\u0161ao u Crnu Goru sa namjerom dalje realizacije kriminalnog plana i komandovanja naoru\u017eanim licima u namjeri  da zauzmu Skup\u0161tinu Crne Gore i druge dr\u017eavne institucije.<br \/>\nOsumnji\u010deni su, prema dobijenim uputstvima i kriminalnom planu, privatnim vozilima do\u0161li u Podgoricu, gdje su se radi nastavka realizacije kriminalnog plana rasporedili u najmanje tri grupe.<\/p>\n<p>\u010clanovi kriminalne organizacije dobijali su uputstva da raspodijele unaprijed pripremljeno oru\u017eje radi dalje realizacije kriminalnog plana\u201d, navedeno je u saop\u0161tenju SDT.<\/p>\n","protected":false},"excerpt":{"rendered":"<p>Sumnja se da je plan ove organizacije bio da u vrijeme progla\u0161enja rezultata na parlamentarnim izborima, uz upotrebu oru\u017eja, napadnu okupljene gra\u0111ane ispred Skup\u0161tine Crne Gore i slu\u017ebenike Uprave policije, a da potom zauzmu prostorije Skup\u0161tine<\/p>\n","protected":false},"author":1,"featured_media":0,"comment_status":"open","ping_status":"closed","sticky":false,"template":"","format":"standard","meta":{"_seopress_robots_primary_cat":"","_seopress_titles_title":"","_seopress_titles_desc":"","_seopress_robots_index":"","_et_pb_use_builder":"","_et_pb_old_content":"","_et_gb_content_width":"","inline_featured_image":false,"footnotes":""},"categories":[14,12],"tags":[],"class_list":["post-214991","post","type-post","status-publish","format-standard","hentry","category-vijesti","category-prica-dana"],"_links":{"self":[{"href":"https:\/\/www.pcnen.com\/portal\/wp-json\/wp\/v2\/posts\/214991","targetHints":{"allow":["GET"]}}],"collection":[{"href":"https:\/\/www.pcnen.com\/portal\/wp-json\/wp\/v2\/posts"}],"about":[{"href":"https:\/\/www.pcnen.com\/portal\/wp-json\/wp\/v2\/types\/post"}],"author":[{"embeddable":true,"href":"https:\/\/www.pcnen.com\/portal\/wp-json\/wp\/v2\/users\/1"}],"replies":[{"embeddable":true,"href":"https:\/\/www.pcnen.com\/portal\/wp-json\/wp\/v2\/comments?post=214991"}],"version-history":[{"count":0,"href":"https:\/\/www.pcnen.com\/portal\/wp-json\/wp\/v2\/posts\/214991\/revisions"}],"wp:attachment":[{"href":"https:\/\/www.pcnen.com\/portal\/wp-json\/wp\/v2\/media?parent=214991"}],"wp:term":[{"taxonomy":"category","embeddable":true,"href":"https:\/\/www.pcnen.com\/portal\/wp-json\/wp\/v2\/categories?post=214991"},{"taxonomy":"post_tag","embeddable":true,"href":"https:\/\/www.pcnen.com\/portal\/wp-json\/wp\/v2\/tags?post=214991"}],"curies":[{"name":"wp","href":"https:\/\/api.w.org\/{rel}","templated":true}]}}