{"id":21450,"date":"2007-12-14T09:51:42","date_gmt":"2007-12-14T09:51:42","guid":{"rendered":"http:\/\/www.pcnen.com\/portal\/?p=21450"},"modified":"2007-12-14T09:51:42","modified_gmt":"2007-12-14T09:51:42","slug":"ustav-pod-lupom-venecijanske-komisije","status":"publish","type":"post","link":"https:\/\/www.pcnen.com\/portal\/2007\/12\/14\/ustav-pod-lupom-venecijanske-komisije\/","title":{"rendered":"Ustav pod lupom Venecijanske komisije"},"content":{"rendered":"<p>Venecijanska komisija trebalo bi danas da da mi&scaron;ljenje o crnogorskom Ustavu, na sjednici kojoj \u0107e prisustvovati i predsjednik Skup&scaron;tine Ranko Krivokapi\u0107, pi&scaron;e <em>Republika.<\/em><\/p>\n<p>Zamjenik sekretara Venecijanske komisije Tomas Markert je, odmah nakon usvajanja Ustava u crnogorskom parlamentu, saop&scaron;tio da \u0107e Komisija dati komentar na Ustav u narednim fazama i da se mi&scaron;ljenje mo\u017ee o\u010dekivati u decembru.<\/p>\n<p>Venecijanska komisija insistira da ustavi \u010dlanica Savjeta Evrope budu u skladu sa evropskim standardima i principima.<\/p>\n<p>To je bio jedan od sedam ustavnih principa koji su bili uslov za prijem Crne Gore u Savjet Evrope.<\/p>\n<p>Jedan od klju\u010dnih zahtjeva bio je izbjegavanje politi\u010dkog uticaja na izbor sudija, odnosno izmje&scaron;tanje izbora sudija iz parlamenta.<\/p>\n<p>SE je tra\u017eio da se u Ustav uklju\u010de i odredbe o direktnoj primjeni me\u0111unarodnih konvencija u doma\u0107em pravu, pravu na efikasan pravni lijek u slu\u010daju predugog trajanja sudskog postupka, mandatu, imenovanju i garancijama nezavisnosti ombudsmana, kao i o pravnoj sigurnosti.<\/p>\n<p>Procjenjuje se da bi ustavna rje&scaron;enja u pogledu izbora Tu\u017eila\u010dkog savjeta mogla da budu sporna. <\/p>\n<p>Ustav predvi\u0111a da Tu\u017eila\u010dki savjet bira i razrje&scaron;ava Skup&scaron;tina.<\/p>\n","protected":false},"excerpt":{"rendered":"<p>Venecijanska komisija trebalo bi danas da da mi&scaron;ljenje o crnogorskom Ustavu, na sjednici kojoj \u0107e prisustvovati i predsjednik Skup&scaron;tine Ranko Krivokapi\u0107, pi&scaron;e Republika. Zamjenik sekretara Venecijanske komisije Tomas Markert je, odmah nakon usvajanja Ustava u crnogorskom parlamentu, saop&scaron;tio da \u0107e Komisija dati komentar na Ustav u narednim fazama i da se mi&scaron;ljenje mo\u017ee o\u010dekivati u [&hellip;]<\/p>\n","protected":false},"author":1,"featured_media":0,"comment_status":"open","ping_status":"closed","sticky":false,"template":"","format":"standard","meta":{"_seopress_robots_primary_cat":"","_seopress_titles_title":"","_seopress_titles_desc":"","_seopress_robots_index":"","_et_pb_use_builder":"","_et_pb_old_content":"","_et_gb_content_width":"","inline_featured_image":false,"footnotes":""},"categories":[14],"tags":[],"class_list":["post-21450","post","type-post","status-publish","format-standard","hentry","category-vijesti"],"_links":{"self":[{"href":"https:\/\/www.pcnen.com\/portal\/wp-json\/wp\/v2\/posts\/21450","targetHints":{"allow":["GET"]}}],"collection":[{"href":"https:\/\/www.pcnen.com\/portal\/wp-json\/wp\/v2\/posts"}],"about":[{"href":"https:\/\/www.pcnen.com\/portal\/wp-json\/wp\/v2\/types\/post"}],"author":[{"embeddable":true,"href":"https:\/\/www.pcnen.com\/portal\/wp-json\/wp\/v2\/users\/1"}],"replies":[{"embeddable":true,"href":"https:\/\/www.pcnen.com\/portal\/wp-json\/wp\/v2\/comments?post=21450"}],"version-history":[{"count":0,"href":"https:\/\/www.pcnen.com\/portal\/wp-json\/wp\/v2\/posts\/21450\/revisions"}],"wp:attachment":[{"href":"https:\/\/www.pcnen.com\/portal\/wp-json\/wp\/v2\/media?parent=21450"}],"wp:term":[{"taxonomy":"category","embeddable":true,"href":"https:\/\/www.pcnen.com\/portal\/wp-json\/wp\/v2\/categories?post=21450"},{"taxonomy":"post_tag","embeddable":true,"href":"https:\/\/www.pcnen.com\/portal\/wp-json\/wp\/v2\/tags?post=21450"}],"curies":[{"name":"wp","href":"https:\/\/api.w.org\/{rel}","templated":true}]}}