{"id":21401,"date":"2007-12-10T23:11:08","date_gmt":"2007-12-10T23:11:08","guid":{"rendered":"http:\/\/www.pcnen.com\/portal\/?p=21401"},"modified":"2007-12-10T23:11:08","modified_gmt":"2007-12-10T23:11:08","slug":"sjutra-o-izboru-predsjednika-vs-i-us","status":"publish","type":"post","link":"https:\/\/www.pcnen.com\/portal\/2007\/12\/10\/sjutra-o-izboru-predsjednika-vs-i-us\/","title":{"rendered":"Sjutra o izboru predsjednika VS i US"},"content":{"rendered":"<p>Crnogorski parlament raspravlja\u0107e sjutra o izboru predsjednika Vrhovnog suda i predsjednika i \u010dlanova Ustavnog suda.<\/p>\n<p>Za predsjednika Vrhovnog suda predsjednici Crne Gore, Skup&scaron;tine i Vlade &#8211; Filip Vujanovi\u0107, Ranko Krivokapi\u0107 i \u017deljko &Scaron;turanovi\u0107 predlo\u017eili su vrhovnog dr\u017eavnog tu\u017eioca Vesnu Medenicu.<\/p>\n<p>Za predsjednika Ustavnog suda predsjednik Vujanovi\u0107 je predlo\u017eio profesora Pravnog fakulteta Milana Markovi\u0107a, a za sudije tog suda savjetnika za ustavna pitanja Miodraga Latkovi\u0107a i podgori\u010dkog advokata \u0110ola Sekulovi\u0107a.<\/p>\n","protected":false},"excerpt":{"rendered":"<p>Crnogorski parlament raspravlja\u0107e sjutra o izboru predsjednika Vrhovnog suda i predsjednika i \u010dlanova Ustavnog suda. Za predsjednika Vrhovnog suda predsjednici Crne Gore, Skup&scaron;tine i Vlade &#8211; Filip Vujanovi\u0107, Ranko Krivokapi\u0107 i \u017deljko &Scaron;turanovi\u0107 predlo\u017eili su vrhovnog dr\u017eavnog tu\u017eioca Vesnu Medenicu. Za predsjednika Ustavnog suda predsjednik Vujanovi\u0107 je predlo\u017eio profesora Pravnog fakulteta Milana Markovi\u0107a, a za [&hellip;]<\/p>\n","protected":false},"author":1,"featured_media":0,"comment_status":"open","ping_status":"closed","sticky":false,"template":"","format":"standard","meta":{"_seopress_robots_primary_cat":"","_seopress_titles_title":"","_seopress_titles_desc":"","_seopress_robots_index":"","_et_pb_use_builder":"","_et_pb_old_content":"","_et_gb_content_width":"","inline_featured_image":false,"footnotes":""},"categories":[14],"tags":[],"class_list":["post-21401","post","type-post","status-publish","format-standard","hentry","category-vijesti"],"_links":{"self":[{"href":"https:\/\/www.pcnen.com\/portal\/wp-json\/wp\/v2\/posts\/21401","targetHints":{"allow":["GET"]}}],"collection":[{"href":"https:\/\/www.pcnen.com\/portal\/wp-json\/wp\/v2\/posts"}],"about":[{"href":"https:\/\/www.pcnen.com\/portal\/wp-json\/wp\/v2\/types\/post"}],"author":[{"embeddable":true,"href":"https:\/\/www.pcnen.com\/portal\/wp-json\/wp\/v2\/users\/1"}],"replies":[{"embeddable":true,"href":"https:\/\/www.pcnen.com\/portal\/wp-json\/wp\/v2\/comments?post=21401"}],"version-history":[{"count":0,"href":"https:\/\/www.pcnen.com\/portal\/wp-json\/wp\/v2\/posts\/21401\/revisions"}],"wp:attachment":[{"href":"https:\/\/www.pcnen.com\/portal\/wp-json\/wp\/v2\/media?parent=21401"}],"wp:term":[{"taxonomy":"category","embeddable":true,"href":"https:\/\/www.pcnen.com\/portal\/wp-json\/wp\/v2\/categories?post=21401"},{"taxonomy":"post_tag","embeddable":true,"href":"https:\/\/www.pcnen.com\/portal\/wp-json\/wp\/v2\/tags?post=21401"}],"curies":[{"name":"wp","href":"https:\/\/api.w.org\/{rel}","templated":true}]}}