{"id":209948,"date":"2016-07-23T10:24:19","date_gmt":"2016-07-23T08:24:19","guid":{"rendered":"http:\/\/www.pcnen.com\/portal\/?p=209948"},"modified":"2016-07-23T10:40:18","modified_gmt":"2016-07-23T08:40:18","slug":"crveno-u-istanbulu","status":"publish","type":"post","link":"https:\/\/www.pcnen.com\/portal\/2016\/07\/23\/crveno-u-istanbulu\/","title":{"rendered":"Crveno u Istanbulu"},"content":{"rendered":"<p>Istanbul je proveo ovu nedjelju prekriven ogromnim crvenim zastavama. Toliko su velike da pokrivaju \u010ditave zgrade; danima se ve\u0107 \u010dudim &#8211; gdje su ih napravili i kako su ih odjednom nabavili tako mnogo? Dok se avion kojim odlazim odavde podi\u017ee, jasno se vide iz vazduha, iz daleka. To su, naravno, zastave Turske, izlo\u017eene da poka\u017eu narodno jedinstvo, slogu, tako ne\u0161to (tako bar ka\u017eu reklame sa bilborda, koliko smo uspjeli da prevedemo) u danima nakon tragi\u010dnog 15. jula. Shvatam da Vlada \u017eeli da izgleda kao da ljudi sami isti\u010du zastave, da se time pridru\u017euju &#8220;velikom prazniku demokratije&#8221; koji je nastupio nakon neuspjelog pu\u010da. Shvatam i da ljudi, ipak, zastave na prozore, radnje i automobile ka\u010de vi\u0161e iz predostro\u017enosti: da ne bude posle da su &#8220;protiv dr\u017eave&#8221; i na nekoj budu\u0107oj crnoj listi.<br \/>\n<div id=\"attachment_209949\" style=\"width: 460px\" class=\"wp-caption aligncenter\"><img loading=\"lazy\" decoding=\"async\" aria-describedby=\"caption-attachment-209949\" src=\"http:\/\/www.pcnen.com\/portal\/wp-content\/uploads\/2016\/07\/Istanbul-posle-pu\u010da-450x337.jpg\" alt=\"Ulica Istiklal, u nedjelju poslije poku\u0161aja pu\u010da\" width=\"450\" height=\"337\" class=\"size-large wp-image-209949\" \/><p id=\"caption-attachment-209949\" class=\"wp-caption-text\">Ulica Istiklal, u nedjelju poslije poku\u0161aja pu\u010da<\/p><\/div><\/p>\n<p>Vijest o vojnom udaru u Turskoj zatekla me u studentskom domu Bosforskog Univerziteta u Istanbulu, no\u0107 uo\u010di po\u010detka konferencije na temu nasilja i solidarnosti u jugoisto\u010dnoj Evropi. Taman sam bila zadrijemala, kad u sobu upade koleginica iz Makedonije i ispri\u010da \u0161ta se doga\u0111a, i sama u nevjerici. Si\u0111osmo u lobi: na televiziji vijesti na turskom &#8211; nerazumljive, na Internetu vijesti na engleskom &#8211; zastarjele, na Tviteru snimci rata na ulici za koji ne mo\u017eemo da verujemo da se de\u0161ava na desetak kilometara od nas. <\/p>\n<p>Javili smo ku\u0107i da smo dobro i da ne znamo \u0161ta se zbiva &#8211; kompletnu, dakle, istinu. Detonacije koje su avioni proizvodili probijajanjem zvu\u010dnog zida dr\u017eale su me budnom do pred jutro. Kad se razdanilo, sve je bilo gotovo: dobili smo vijesti o predsjednikovom uspje\u0161nom slijetanju u Istanbul, o pobjedi naroda, o broju mrtvih i ranjenih. U na\u0161em dijelu grada bilo je obi\u010dno, prijatno ljetnje jutro, i krajnje vrijeme za doru\u010dak. <\/p>\n<p>Konferencija je po\u010dela kako je i planirano, uz istoriju vojnih udara u Turskoj kao neplaniranu, ali sad ve\u0107 neizbje\u017enu temu. Sastanak koji je tog prvog dana trebalo da imamo u centru grada, blizu Trga Taksim, odgo\u0111en je. &#8220;Mo\u017ee biti sukoba u gradu&#8221; &#8211; rekli su nam doma\u0107ini, univerzitetski predava\u010di. <\/p>\n<p>&#8220;Ni\u0161ta jo\u0161 nije gotovo, iza\u0111ite na ulice&#8221; &#8211; ne\u0161to u tom duhu gra\u0111anima je saop\u0161tila Vlada.<br \/>\n<div id=\"attachment_209953\" style=\"width: 460px\" class=\"wp-caption aligncenter\"><img loading=\"lazy\" decoding=\"async\" aria-describedby=\"caption-attachment-209953\" src=\"http:\/\/www.pcnen.com\/portal\/wp-content\/uploads\/2016\/07\/Na-Trgu-Taksim-450x338.jpg\" alt=\"Propagandni materijal na Trgu Taksim\" width=\"450\" height=\"338\" class=\"size-large wp-image-209953\" \/><p id=\"caption-attachment-209953\" class=\"wp-caption-text\">Propagandni materijal na Trgu Taksim<\/p><\/div><\/p>\n<p>Sav javni gradski prevoz od subote je besplatan &#8211; da ljudi mogu slobodno i bez tro\u0161ka iza\u0107i da podr\u017ee izabrane predstavnike, to je valjda zvani\u010dna pri\u010da. Na ekranima koji slu\u017ee kao oglasne table u metrou vrti se spot o kom ne\u0107u ni\u0161ta da ka\u017eem, pogledajte <a href=\"https:\/\/m.youtube.com\/watch?v=80J0FCe69to\" target=\"_blank\">ovdje<\/a> sami. <\/p>\n<p>Naporedo sa ovim pu\u0161taju i snimke zaigranih ma\u010di\u0107a i drugih pufnastih \u017eivotinja, pa je ukupan utisak zbilja bizaran &#8211; taman se lijepo nasmije\u0161 jagnjadima \u0161to se blesave u ne\u010dijoj dnevnoj sobi, kad te do\u010deka kula \u017eivih ljudi i u njoj pobodena, od svega va\u017enija, nacionalna zastava. <\/p>\n<p>Dok sam tako gledala kud da gledam dok sam u metrou, pored mene sjede momak, izgleda student, i otvori &#8220;Malog princa&#8221;. Dobra strategija! Re\u010de da nije nikad prije \u010ditao tu knjigu. Rekoh da je ovo, vjerovatno, pravi \u010das. <\/p>\n<p>Uve\u010de se u centru grada skupi glasna, mada nevelika grupa ljudi. Da ne znam \u0161ta se de\u0161ava, rekla bih da slave neku pobjedu na sportskom takmi\u010denju. Ogrnuti zastavama kre\u0107u sa Taksima niz Istiklal, trgova\u010dku ulicu. Neki se trpaju u kola, voze po gradu u krug i glasno trube. U masi ima starih i mladih mu\u0161karaca, sasvim pokrivenih \u017eena, djece, mladih parova na skuterima &#8211; on vozi brzo i samouvjereno, ona razvija zastavu. Zbunjeni smo takvim \u0161arenilom &#8211; \u0161ta povezuje ove ljude? <\/p>\n<p>Vlada tvrdi da je to demokratski gra\u0111anski skup koji je sprije\u010dio pu\u010d i sad tra\u017ei kaznu za odgovorne; sa druge strane, mo\u017ee se \u010duti da se zapravo radi o masovnom fa\u0161isti\u010dkom pokretu. <\/p>\n<p>Kolege bolje upu\u0107ene u turske prilike ne idu ni u jednu krajnost, ali upozoravaju da su u ovim vanrednim uslovima ultra desni\u010darske organizacije u\u0161le u javni prostor mnogo slobodnije i prodornije nego \u0161to bi se ina\u010de usudile. <\/p>\n<p>&#8220;Organizovani su i kontrolisani odogzo. Tu su da bi ovoj \u010distki dali legitimitet.&#8221; <\/p>\n<p>Uli\u010dni svira\u010di i prodavci kokica, kestenja, kukuruza i sladoleda rade ne obaziru\u0107i se na ovaj va\u0161ar, kao da je sve normalno.<br \/>\n<div id=\"attachment_209958\" style=\"width: 460px\" class=\"wp-caption aligncenter\"><img loading=\"lazy\" decoding=\"async\" aria-describedby=\"caption-attachment-209958\" src=\"http:\/\/www.pcnen.com\/portal\/wp-content\/uploads\/2016\/07\/Djeca-na-ulici-450x338.jpg\" alt=\"Tako se i djeca igraju na  ulici\" width=\"450\" height=\"338\" class=\"size-large wp-image-209958\" \/><p id=\"caption-attachment-209958\" class=\"wp-caption-text\">Tako se i djeca igraju na  ulici<\/p><\/div><\/p>\n<p>Vijesti su iz dana u dan sve gore: \u010ditamo da su zatvorene hiljade ljudi, da je mogu\u0107e da \u0107e smrtna kazna biti ponovo uvedena. Doma\u0107ini na\u0161e konferencije priznaju da je ta\u010dno da im, kao univerzitetskom osoblju, nije dozvoljeno da napuste zemlju. Uvedeno je vanredno stanje. Na ulici se ne vidi ni\u0161ta od toga, osim zastava: \u017eivot te\u010de sasvim normalno. Cjenjkamo se na Misir \u010car\u0161iji, dobijamo popust na ratluk i marame, uve\u010de idemo na pivo i nargilu. \u010cujemo automobilske sirene slavljenika, ali ih ignori\u0161emo: pro\u0161lo je ve\u0107 nekoliko dana, skoro pa smo oguglali.<\/p>\n<p>Posjetioci veli\u010danstvenog Istanbula u svakom slu\u010daju ne\u0107e snositi posljedice ovog \u0161to se sad de\u0161ava u Turskoj. Ovaj pu\u010d je za predsjednika Erdogana bio, kako to slikovito objasni jedan od sagovornika kom ne bih da pominjem ime, kao Krim za Putina. Dobio je ovla\u0161\u0107enja vrhovnog komandanta i sad mo\u017ee da skloni sve koji mu se protive &#8211; uklju\u010duju\u0107i univerzitetske profesore, feministi\u010dke pokrete, ekolo\u0161ke inicijative &#8211; i da sasvim promijeni arhitekturu dr\u017eavnih institucija, ne obaziru\u0107i se na kr\u0161enja ljudskih prava u procesu. <\/p>\n<p>&#8220;Ne mo\u017ee se birati izme\u0111u vojnog udara i civilne diktature. Oboje je neprihvatljivo.&#8221; <\/p>\n<p>Ima li tre\u0107eg puta i kako do njega do\u0107i ostaje, za sad, nepoznato.<\/p>\n","protected":false},"excerpt":{"rendered":"<p>Istanbul je proveo ovu nedjelju prekriven ogromnim crvenim zastavama. Toliko su velike da pokrivaju \u010ditave zgrade; danima se ve\u0107 \u010dudim &#8211; gdje su ih napravili i kako su ih odjednom nabavili tako mnogo? Dok se avion kojim odlazim odavde podi\u017ee, jasno se vide iz vazduha, iz daleka. To su, naravno, zastave Turske, izlo\u017eene da poka\u017eu [&hellip;]<\/p>\n","protected":false},"author":3251,"featured_media":0,"comment_status":"open","ping_status":"closed","sticky":false,"template":"","format":"standard","meta":{"_seopress_robots_primary_cat":"","_seopress_titles_title":"","_seopress_titles_desc":"","_seopress_robots_index":"","_et_pb_use_builder":"","_et_pb_old_content":"","_et_gb_content_width":"","inline_featured_image":false,"footnotes":""},"categories":[17],"tags":[],"class_list":["post-209948","post","type-post","status-publish","format-standard","hentry","category-blogovi"],"_links":{"self":[{"href":"https:\/\/www.pcnen.com\/portal\/wp-json\/wp\/v2\/posts\/209948","targetHints":{"allow":["GET"]}}],"collection":[{"href":"https:\/\/www.pcnen.com\/portal\/wp-json\/wp\/v2\/posts"}],"about":[{"href":"https:\/\/www.pcnen.com\/portal\/wp-json\/wp\/v2\/types\/post"}],"author":[{"embeddable":true,"href":"https:\/\/www.pcnen.com\/portal\/wp-json\/wp\/v2\/users\/3251"}],"replies":[{"embeddable":true,"href":"https:\/\/www.pcnen.com\/portal\/wp-json\/wp\/v2\/comments?post=209948"}],"version-history":[{"count":0,"href":"https:\/\/www.pcnen.com\/portal\/wp-json\/wp\/v2\/posts\/209948\/revisions"}],"wp:attachment":[{"href":"https:\/\/www.pcnen.com\/portal\/wp-json\/wp\/v2\/media?parent=209948"}],"wp:term":[{"taxonomy":"category","embeddable":true,"href":"https:\/\/www.pcnen.com\/portal\/wp-json\/wp\/v2\/categories?post=209948"},{"taxonomy":"post_tag","embeddable":true,"href":"https:\/\/www.pcnen.com\/portal\/wp-json\/wp\/v2\/tags?post=209948"}],"curies":[{"name":"wp","href":"https:\/\/api.w.org\/{rel}","templated":true}]}}