{"id":20739,"date":"2007-10-16T22:25:21","date_gmt":"2007-10-16T22:25:21","guid":{"rendered":"http:\/\/www.pcnen.com\/portal\/?p=20739"},"modified":"2007-10-16T22:25:21","modified_gmt":"2007-10-16T22:25:21","slug":"predsjednik-madarske-doputovao-u-crnu-goru","status":"publish","type":"post","link":"https:\/\/www.pcnen.com\/portal\/2007\/10\/16\/predsjednik-madarske-doputovao-u-crnu-goru\/","title":{"rendered":"Predsjednik Ma\u0111arske doputovao u Crnu Goru"},"content":{"rendered":"<p>Predsjednik Ma\u0111arske Laslo &Scaron;ojom doputovao je ve\u010deras u dvodnevnu slu\u017ebenu posjetu Crnoj Gori, gdje \u0107e razgovarati sa predsjednikom Crne Gore Filipom Vujanovi\u0107em.<\/p>\n<p>Ma\u0111arski predsjednik \u0107e sjutra razgovarati i sa predsjednicima skup&scaron;tine i vlade Crne Gore Rankom Krivokapi\u0107em i \u017deljkom &Scaron;turanovi\u0107em. <\/p>\n<p>Na Cetinju \u0107e sjutra biti odr\u017ean crnogorsko-ma\u0111arski poslovni susret.<\/p>\n","protected":false},"excerpt":{"rendered":"<p>Predsjednik Ma\u0111arske Laslo &Scaron;ojom doputovao je ve\u010deras u dvodnevnu slu\u017ebenu posjetu Crnoj Gori, gdje \u0107e razgovarati sa predsjednikom Crne Gore Filipom Vujanovi\u0107em. Ma\u0111arski predsjednik \u0107e sjutra razgovarati i sa predsjednicima skup&scaron;tine i vlade Crne Gore Rankom Krivokapi\u0107em i \u017deljkom &Scaron;turanovi\u0107em. Na Cetinju \u0107e sjutra biti odr\u017ean crnogorsko-ma\u0111arski poslovni susret.<\/p>\n","protected":false},"author":1,"featured_media":0,"comment_status":"open","ping_status":"closed","sticky":false,"template":"","format":"standard","meta":{"_seopress_robots_primary_cat":"","_seopress_titles_title":"","_seopress_titles_desc":"","_seopress_robots_index":"","_et_pb_use_builder":"","_et_pb_old_content":"","_et_gb_content_width":"","inline_featured_image":false,"footnotes":""},"categories":[14],"tags":[],"class_list":["post-20739","post","type-post","status-publish","format-standard","hentry","category-vijesti"],"_links":{"self":[{"href":"https:\/\/www.pcnen.com\/portal\/wp-json\/wp\/v2\/posts\/20739","targetHints":{"allow":["GET"]}}],"collection":[{"href":"https:\/\/www.pcnen.com\/portal\/wp-json\/wp\/v2\/posts"}],"about":[{"href":"https:\/\/www.pcnen.com\/portal\/wp-json\/wp\/v2\/types\/post"}],"author":[{"embeddable":true,"href":"https:\/\/www.pcnen.com\/portal\/wp-json\/wp\/v2\/users\/1"}],"replies":[{"embeddable":true,"href":"https:\/\/www.pcnen.com\/portal\/wp-json\/wp\/v2\/comments?post=20739"}],"version-history":[{"count":0,"href":"https:\/\/www.pcnen.com\/portal\/wp-json\/wp\/v2\/posts\/20739\/revisions"}],"wp:attachment":[{"href":"https:\/\/www.pcnen.com\/portal\/wp-json\/wp\/v2\/media?parent=20739"}],"wp:term":[{"taxonomy":"category","embeddable":true,"href":"https:\/\/www.pcnen.com\/portal\/wp-json\/wp\/v2\/categories?post=20739"},{"taxonomy":"post_tag","embeddable":true,"href":"https:\/\/www.pcnen.com\/portal\/wp-json\/wp\/v2\/tags?post=20739"}],"curies":[{"name":"wp","href":"https:\/\/api.w.org\/{rel}","templated":true}]}}