{"id":204752,"date":"2016-05-10T19:06:37","date_gmt":"2016-05-10T17:06:37","guid":{"rendered":"http:\/\/www.pcnen.com\/portal\/?p=204752"},"modified":"2016-05-10T19:06:37","modified_gmt":"2016-05-10T17:06:37","slug":"erdogan-evropa-utociste-za-politicko-krilo-terorista","status":"publish","type":"post","link":"https:\/\/www.pcnen.com\/portal\/2016\/05\/10\/erdogan-evropa-utociste-za-politicko-krilo-terorista\/","title":{"rendered":"Erdogan: Evropa uto\u010di\u0161te za politi\u010dko krilo terorista"},"content":{"rendered":"<p>Turski predsjednik Red\u017eep Tajip Erdogan optu\u017eio je danas evropske zemlje da pru\u017eaju uto\u010di\u0161te politi\u010dkom krilu teroristi\u010dkih grupa, rekav\u0161i da je to \u0161to Evropa dijeli lekcije Turskoj o promjeni zakona protiv terorizma &#8220;crni humor&#8221;, prenosi Tanjug.<\/p>\n<p>EU je pro\u0161log mjeseca tra\u017eila od zemalja \u010dlanica da uvedu bezvizni re\u017eim sa Turskom u zamjenu za to da Ankara zaustavi priliv migranata u Evropu, ali je navela da Turska jo\u0161 treba da promijeni neke zakone, uklju\u010duju\u0107i prilago\u0111avanje zakona protiv terorizma standardima EU.<\/p>\n<p>U govoru u Ankari, Erdogan je rekao da EU prvo treba da promijeni sopstvene zakone o terorizmu i da se nada da \u0107e Evropa ispuniti svoje obe\u0107anje o bezviznom re\u017eimu za Tursku najkasnije do oktobra.<\/p>\n","protected":false},"excerpt":{"rendered":"<p>Turski predsjednik Red\u017eep Tajip Erdogan optu\u017eio je danas evropske zemlje da pru\u017eaju uto\u010di\u0161te politi\u010dkom krilu teroristi\u010dkih grupa, rekav\u0161i da je to \u0161to Evropa dijeli lekcije Turskoj o promjeni zakona protiv terorizma &#8220;crni humor&#8221;, prenosi Tanjug. EU je pro\u0161log mjeseca tra\u017eila od zemalja \u010dlanica da uvedu bezvizni re\u017eim sa Turskom u zamjenu za to da Ankara [&hellip;]<\/p>\n","protected":false},"author":1,"featured_media":0,"comment_status":"open","ping_status":"closed","sticky":false,"template":"","format":"standard","meta":{"_seopress_robots_primary_cat":"","_seopress_titles_title":"","_seopress_titles_desc":"","_seopress_robots_index":"","_et_pb_use_builder":"","_et_pb_old_content":"","_et_gb_content_width":"","inline_featured_image":false,"footnotes":""},"categories":[14],"tags":[],"class_list":["post-204752","post","type-post","status-publish","format-standard","hentry","category-vijesti"],"_links":{"self":[{"href":"https:\/\/www.pcnen.com\/portal\/wp-json\/wp\/v2\/posts\/204752","targetHints":{"allow":["GET"]}}],"collection":[{"href":"https:\/\/www.pcnen.com\/portal\/wp-json\/wp\/v2\/posts"}],"about":[{"href":"https:\/\/www.pcnen.com\/portal\/wp-json\/wp\/v2\/types\/post"}],"author":[{"embeddable":true,"href":"https:\/\/www.pcnen.com\/portal\/wp-json\/wp\/v2\/users\/1"}],"replies":[{"embeddable":true,"href":"https:\/\/www.pcnen.com\/portal\/wp-json\/wp\/v2\/comments?post=204752"}],"version-history":[{"count":0,"href":"https:\/\/www.pcnen.com\/portal\/wp-json\/wp\/v2\/posts\/204752\/revisions"}],"wp:attachment":[{"href":"https:\/\/www.pcnen.com\/portal\/wp-json\/wp\/v2\/media?parent=204752"}],"wp:term":[{"taxonomy":"category","embeddable":true,"href":"https:\/\/www.pcnen.com\/portal\/wp-json\/wp\/v2\/categories?post=204752"},{"taxonomy":"post_tag","embeddable":true,"href":"https:\/\/www.pcnen.com\/portal\/wp-json\/wp\/v2\/tags?post=204752"}],"curies":[{"name":"wp","href":"https:\/\/api.w.org\/{rel}","templated":true}]}}