{"id":204733,"date":"2016-05-10T13:01:15","date_gmt":"2016-05-10T11:01:15","guid":{"rendered":"http:\/\/www.pcnen.com\/portal\/?p=204733"},"modified":"2016-05-10T13:01:15","modified_gmt":"2016-05-10T11:01:15","slug":"grupna-diskusija-na-temu-sta-je-ekoloska-drzava","status":"publish","type":"post","link":"https:\/\/www.pcnen.com\/portal\/2016\/05\/10\/grupna-diskusija-na-temu-sta-je-ekoloska-drzava\/","title":{"rendered":"Grupna diskusija na temu: \u0160ta je ekolo\u0161ka dr\u017eava?"},"content":{"rendered":"<p><strong>Javlja: Krug<\/strong><\/p>\n<p><img loading=\"lazy\" decoding=\"async\" src=\"http:\/\/www.pcnen.com\/portal\/wp-content\/uploads\/2015\/06\/ekoloski-otisak.jpg\" alt=\"ekoloski otisak\" width=\"250\" height=\"264\" class=\"alignleft size-full wp-image-183793\" \/>Od 12. do 14. maja na Adi Bojani \u0107e biti odr\u017eana \u201cGreen Culture ekspedicija 2016&#8221;, doga\u0111aj posve\u0107en kolektivnoj diskusiji u\u010desnika o tome \u0161ta za jednu dr\u017eavu zna\u010di razvijanje ekolo\u0161kih propisa, i koja je uloga kulture u tom procesu. <\/p>\n<p>Organizator manifestacije je \u201cKrug\u201c, me\u0111unarodni centar za odr\u017eivu kulturnu saradnju.<\/p>\n<p>Kako je maj ujedno i mjesec proslavljanja decenije nezavisnosti Crne Gore, zemlje koja je me\u0111u prvima na svijetu Ustavom definisana kao \u201cekolo\u0161ka\u201c, to \u010dini crnogorsko tle najpodesnijim za diskusiju na temu: \u201c\u0160ta za jednu zemlju predstavlja epitet \u2018ekolo\u0161ke\u2019, i za\u0161to bi trebalo da strijemimo ka tome?\u201c. <\/p>\n<p>Novitet koji \u201cGreen Culture\u201c uvodi na ovogodi\u0161njem doga\u0111aju je primjena \u201cTehnologije Otvorenog Prostora\u201c, metode koja \u0107e svim prisutnim u\u010desnicima omogu\u0107iti da i sami postanu govornici na radionicama, i javno iznesu svoje prijedloge rje\u0161enja goru\u0107ih ekolo\u0161kih problema. <\/p>\n<p>Me\u0111u deset glavnih, programom predvi\u0111enih govornika \u0107e se na\u0107i renomirani lideri i eksperti svojih oblasti, djelatnici iz oblasti kulture i akademici iz Ujedinjenog Kraljevstva i Njema\u010dke kao i predstavnici lokalnih inicijativa kao sto su NVO \u201cEco-logic\u201c i gra\u0111anska inicijativa \u201cBudva 2020\u201c. Prisutni \u0107e na Adi Bojani, oazi \u010distog vazduha, biti u mogu\u0107nosti da \u010duju rezultate njihovih dugogodi\u0161njih istra\u017eivanja u ovoj oblasti, kao i prijedloge kako najlak\u0161e utabati stazu ekolo\u0161ki odr\u017eivom na\u010dinu \u017eivota. Tik uz more odr\u017ea\u0107e se prikazivanje dokumentarnog filma \u201dNeposlu\u0161nost\u201c, \u010diji su autori \u010dlanovi NVO \u201c350.org\u201c, panel diskusije, kao i radionice za najmla\u0111e. Programom je predvi\u0111en i izlet na Skadarsko jezero.<\/p>\n<p>Ve\u0107 \u010detvrtu godinu zaredom, \u201dGreen Culture\u201c nastavlja sa istra\u017eivanjem novih pristupa koji bi nas doveli do \u017eeljenog cilja \u2013 probu\u0111enog, ekolo\u0161ki osvije\u0161tenog dru\u0161tva, sa kreativnim sektorom u ulozi motora koji zelenu revoluciju pokre\u0107e naprijed.<\/p>\n<p>Prijem dobrodo\u0161lice i zabava predvi\u0111eni su ve\u0107 za ve\u010de 11. maja, a svi zainteresovani mogu se prijaviti za u\u010de\u0161\u0107e putem Eventbrite-a , na contact@greencultureconference.org i pozivom na brojeve: 069\/ 899-557 i 067\/ 435-076.<\/p>\n","protected":false},"excerpt":{"rendered":"<p>Javlja: Krug Od 12. do 14. maja na Adi Bojani \u0107e biti odr\u017eana \u201cGreen Culture ekspedicija 2016&#8221;, doga\u0111aj posve\u0107en kolektivnoj diskusiji u\u010desnika o tome \u0161ta za jednu dr\u017eavu zna\u010di razvijanje ekolo\u0161kih propisa, i koja je uloga kulture u tom procesu. Organizator manifestacije je \u201cKrug\u201c, me\u0111unarodni centar za odr\u017eivu kulturnu saradnju. Kako je maj ujedno i [&hellip;]<\/p>\n","protected":false},"author":1,"featured_media":0,"comment_status":"open","ping_status":"closed","sticky":false,"template":"","format":"standard","meta":{"_seopress_robots_primary_cat":"","_seopress_titles_title":"","_seopress_titles_desc":"","_seopress_robots_index":"","_et_pb_use_builder":"","_et_pb_old_content":"","_et_gb_content_width":"","inline_featured_image":false,"footnotes":""},"categories":[10],"tags":[],"class_list":["post-204733","post","type-post","status-publish","format-standard","hentry","category-cuj-vidji-javi"],"_links":{"self":[{"href":"https:\/\/www.pcnen.com\/portal\/wp-json\/wp\/v2\/posts\/204733","targetHints":{"allow":["GET"]}}],"collection":[{"href":"https:\/\/www.pcnen.com\/portal\/wp-json\/wp\/v2\/posts"}],"about":[{"href":"https:\/\/www.pcnen.com\/portal\/wp-json\/wp\/v2\/types\/post"}],"author":[{"embeddable":true,"href":"https:\/\/www.pcnen.com\/portal\/wp-json\/wp\/v2\/users\/1"}],"replies":[{"embeddable":true,"href":"https:\/\/www.pcnen.com\/portal\/wp-json\/wp\/v2\/comments?post=204733"}],"version-history":[{"count":0,"href":"https:\/\/www.pcnen.com\/portal\/wp-json\/wp\/v2\/posts\/204733\/revisions"}],"wp:attachment":[{"href":"https:\/\/www.pcnen.com\/portal\/wp-json\/wp\/v2\/media?parent=204733"}],"wp:term":[{"taxonomy":"category","embeddable":true,"href":"https:\/\/www.pcnen.com\/portal\/wp-json\/wp\/v2\/categories?post=204733"},{"taxonomy":"post_tag","embeddable":true,"href":"https:\/\/www.pcnen.com\/portal\/wp-json\/wp\/v2\/tags?post=204733"}],"curies":[{"name":"wp","href":"https:\/\/api.w.org\/{rel}","templated":true}]}}