{"id":204703,"date":"2016-05-09T22:49:50","date_gmt":"2016-05-09T20:49:50","guid":{"rendered":"http:\/\/www.pcnen.com\/portal\/?p=204703"},"modified":"2016-05-09T22:49:50","modified_gmt":"2016-05-09T20:49:50","slug":"putujuci-festival-nauke-u-pet-crnogorskih-gradova","status":"publish","type":"post","link":"https:\/\/www.pcnen.com\/portal\/2016\/05\/09\/putujuci-festival-nauke-u-pet-crnogorskih-gradova\/","title":{"rendered":"Putuju\u0107i festival nauke u pet crnogorskih gradova"},"content":{"rendered":"<p>Mini festival, koji promovi\u0161e nauku na zabavan na\u010din, bi\u0107e odr\u017ean od srijede do petka u pet crnogorskih gradova, u organizaciji <a href=\"http:\/\/prona.org\/festival-nauka-u-pokretu-2016\/\">Fondacije za promovisanje nauke Prona. <\/a><br \/>\nKako je saop\u0161tila koordinatorka projekta, Ivana \u017divkovi\u0107, karavan Fondacije Prona obilazi \u0161kole i unaprje\u0111uje nau\u010dnu pismenost mladih kroz eksperimente, prezentacije i interaktivna predavanja.<\/p>\n<p>Ona je navela da je \u0107e karavan 11. maja posjetiti Gimnaziju \u201cMiloje Dobra\u0161inovi\u0107\u201d u Bijelom Polju, 12. maja Srednju mje\u0161tovitu \u0161kolu \u201cVuksan \u0110uki\u0107 u Mojkovcu i Gimnaziju \u201cBra\u0107a Seli\u0107\u201d u Kola\u0161inu.<\/p>\n<p>Ona je dodala da \u0107e 13. maja posjetiti Gimnaziju Kotor i hercegnovsku gimnaziju \u201dIvan Goran Kova\u010di\u0107\u201d.<\/p>\n<p>Posjetioci \u0107e biti u prilici da saznaju vi\u0161e o tome \u0161to nude nauka, inovacije i tehnologija, prije svega iz oblasti fizike, matematike, astronomije, hemije i biologije.<\/p>\n<p>\u017divkoivi\u0107 je ukazala da taj festival privla\u010di veliku pa\u017enju u\u010denika, jer prakti\u010dna nastava nije svakodnevna u crnogorskim \u0161kolama.<\/p>\n<p>\u201cPostavke na neobi\u010dan i zabavan na\u010din ukazuju na primjenljivost nauke u svakodnevnom \u017eivotu i ru\u0161e predrasude o prirodnim naukama\u201d, kazala je ona.<\/p>\n<p>\u201cNauku u pokretu\u201d organizuje Fondacija, uz finansijsku podr\u0161ku Komisije za raspodjelu dijela prihoda od igara na sre\u0107u.<\/p>\n<p>Partneri projekta su ministarstva nauke i prosvjete, a prijatelj Festivala Radio klub Podgorica.<\/p>\n","protected":false},"excerpt":{"rendered":"<p>Mini festival, koji promovi\u0161e nauku na zabavan na\u010din, bi\u0107e odr\u017ean od srijede do petka u pet crnogorskih gradova, u organizaciji Fondacije za promovisanje nauke Prona. Kako je saop\u0161tila koordinatorka projekta, Ivana \u017divkovi\u0107, karavan Fondacije Prona obilazi \u0161kole i unaprje\u0111uje nau\u010dnu pismenost mladih kroz eksperimente, prezentacije i interaktivna predavanja. Ona je navela da je \u0107e karavan [&hellip;]<\/p>\n","protected":false},"author":1,"featured_media":0,"comment_status":"open","ping_status":"closed","sticky":false,"template":"","format":"standard","meta":{"_seopress_robots_primary_cat":"","_seopress_titles_title":"","_seopress_titles_desc":"","_seopress_robots_index":"","_et_pb_use_builder":"","_et_pb_old_content":"","_et_gb_content_width":"","inline_featured_image":false,"footnotes":""},"categories":[14],"tags":[],"class_list":["post-204703","post","type-post","status-publish","format-standard","hentry","category-vijesti"],"_links":{"self":[{"href":"https:\/\/www.pcnen.com\/portal\/wp-json\/wp\/v2\/posts\/204703","targetHints":{"allow":["GET"]}}],"collection":[{"href":"https:\/\/www.pcnen.com\/portal\/wp-json\/wp\/v2\/posts"}],"about":[{"href":"https:\/\/www.pcnen.com\/portal\/wp-json\/wp\/v2\/types\/post"}],"author":[{"embeddable":true,"href":"https:\/\/www.pcnen.com\/portal\/wp-json\/wp\/v2\/users\/1"}],"replies":[{"embeddable":true,"href":"https:\/\/www.pcnen.com\/portal\/wp-json\/wp\/v2\/comments?post=204703"}],"version-history":[{"count":0,"href":"https:\/\/www.pcnen.com\/portal\/wp-json\/wp\/v2\/posts\/204703\/revisions"}],"wp:attachment":[{"href":"https:\/\/www.pcnen.com\/portal\/wp-json\/wp\/v2\/media?parent=204703"}],"wp:term":[{"taxonomy":"category","embeddable":true,"href":"https:\/\/www.pcnen.com\/portal\/wp-json\/wp\/v2\/categories?post=204703"},{"taxonomy":"post_tag","embeddable":true,"href":"https:\/\/www.pcnen.com\/portal\/wp-json\/wp\/v2\/tags?post=204703"}],"curies":[{"name":"wp","href":"https:\/\/api.w.org\/{rel}","templated":true}]}}