{"id":204698,"date":"2016-05-09T22:30:48","date_gmt":"2016-05-09T20:30:48","guid":{"rendered":"http:\/\/www.pcnen.com\/portal\/?p=204698"},"modified":"2016-05-09T22:30:48","modified_gmt":"2016-05-09T20:30:48","slug":"hrvati-masovno-iseljavaju-u-njemacku","status":"publish","type":"post","link":"https:\/\/www.pcnen.com\/portal\/2016\/05\/09\/hrvati-masovno-iseljavaju-u-njemacku\/","title":{"rendered":"Hrvati masovno iseljavaju u Njema\u010dku"},"content":{"rendered":"<p>Hrvatska se u Evropskoj uniji smatra zemljom s najvi\u0161e iseljenih gra\u0111ana u odnosu na broj stanovnika.<\/p>\n<p>Lani je u Njema\u010dku oti\u0161lo je 50.628 hrvatskih dr\u017eavljana. Godinu prije 44.260. A trend se nastavlja i ove godine. U Njema\u010dkoj ve\u0107 \u017eivi gotovo 300 hiljada osoba sa hrvatskim paso\u0161em, javlja je Al Jazeere. <\/p>\n","protected":false},"excerpt":{"rendered":"<p>Hrvatska se u Evropskoj uniji smatra zemljom s najvi\u0161e iseljenih gra\u0111ana u odnosu na broj stanovnika. Lani je u Njema\u010dku oti\u0161lo je 50.628 hrvatskih dr\u017eavljana. Godinu prije 44.260. A trend se nastavlja i ove godine. U Njema\u010dkoj ve\u0107 \u017eivi gotovo 300 hiljada osoba sa hrvatskim paso\u0161em, javlja je Al Jazeere.<\/p>\n","protected":false},"author":1,"featured_media":0,"comment_status":"open","ping_status":"closed","sticky":false,"template":"","format":"standard","meta":{"_seopress_robots_primary_cat":"","_seopress_titles_title":"","_seopress_titles_desc":"","_seopress_robots_index":"","_et_pb_use_builder":"","_et_pb_old_content":"","_et_gb_content_width":"","inline_featured_image":false,"footnotes":""},"categories":[14],"tags":[],"class_list":["post-204698","post","type-post","status-publish","format-standard","hentry","category-vijesti"],"_links":{"self":[{"href":"https:\/\/www.pcnen.com\/portal\/wp-json\/wp\/v2\/posts\/204698","targetHints":{"allow":["GET"]}}],"collection":[{"href":"https:\/\/www.pcnen.com\/portal\/wp-json\/wp\/v2\/posts"}],"about":[{"href":"https:\/\/www.pcnen.com\/portal\/wp-json\/wp\/v2\/types\/post"}],"author":[{"embeddable":true,"href":"https:\/\/www.pcnen.com\/portal\/wp-json\/wp\/v2\/users\/1"}],"replies":[{"embeddable":true,"href":"https:\/\/www.pcnen.com\/portal\/wp-json\/wp\/v2\/comments?post=204698"}],"version-history":[{"count":0,"href":"https:\/\/www.pcnen.com\/portal\/wp-json\/wp\/v2\/posts\/204698\/revisions"}],"wp:attachment":[{"href":"https:\/\/www.pcnen.com\/portal\/wp-json\/wp\/v2\/media?parent=204698"}],"wp:term":[{"taxonomy":"category","embeddable":true,"href":"https:\/\/www.pcnen.com\/portal\/wp-json\/wp\/v2\/categories?post=204698"},{"taxonomy":"post_tag","embeddable":true,"href":"https:\/\/www.pcnen.com\/portal\/wp-json\/wp\/v2\/tags?post=204698"}],"curies":[{"name":"wp","href":"https:\/\/api.w.org\/{rel}","templated":true}]}}