{"id":204678,"date":"2016-05-09T17:08:59","date_gmt":"2016-05-09T15:08:59","guid":{"rendered":"http:\/\/www.pcnen.com\/portal\/?p=204678"},"modified":"2016-05-09T17:08:59","modified_gmt":"2016-05-09T15:08:59","slug":"bih-vise-od-600-optuzenih-za-ratne-zlocine","status":"publish","type":"post","link":"https:\/\/www.pcnen.com\/portal\/2016\/05\/09\/bih-vise-od-600-optuzenih-za-ratne-zlocine\/","title":{"rendered":"BiH: Vi\u0161e od 600 optu\u017eenih za ratne zlo\u010dine"},"content":{"rendered":"<p>Tu\u017eila\u0161tvo BiH je saop\u0161tilo da je podiglo optu\u017enice protiv 600 lica za ratne zlo\u010dine i te\u0161ka kr\u0161enja me\u0111unarodnog humanitarnog prava, \u010dime je postalo pravosudna institucija sa najvi\u0161e optu\u017eenih za ratne zlo\u010dine u svjetskim razmjerama.<\/p>\n<p>Optu\u017eeni su do sada pravosna\u017eno osu\u0111eni na 2.087 godina zatvora.<\/p>\n<p>Osu\u0111uju\u0107e presude u predmetima ratnih zlo\u010dina, na osnovu optu\u017enica Tu\u017eila\u0161tva BiH, izre\u010dene su u vi\u0161e od 80 odsto predmeta, navodi se u saop\u0161tenju ove pravosudne institucije, prenosi Srna.<\/p>\n<p>&#8220;Nedavnim podizanjem optu\u017enice za ratne zlo\u010dine u Prijedoru, Tu\u017eila\u0161tvo je dostiglo brojku od 605 optu\u017eenih za ratne zlo\u010dine. Na ovaj na\u010din Tu\u017eila\u0161tvo je postalo pravosudna institucija sa najvi\u0161e optu\u017eenih za ratne zlo\u010dine u svjetskim razmjerama, jer nakon tribunala u Nirnbergu i Tokiju, nakon Drugog svjetskog rata, nije evidentiran ve\u0107i broj optu\u017eenih u doma\u0107im ili me\u0111unarodnim tribunalima&#8221;, navodi se u pisanom saop\u0161tenju glavnog tu\u017eioca BiH Gorana Salihovi\u0107a.<\/p>\n","protected":false},"excerpt":{"rendered":"<p>Tu\u017eila\u0161tvo BiH je saop\u0161tilo da je podiglo optu\u017enice protiv 600 lica za ratne zlo\u010dine i te\u0161ka kr\u0161enja me\u0111unarodnog humanitarnog prava, \u010dime je postalo pravosudna institucija sa najvi\u0161e optu\u017eenih za ratne zlo\u010dine u svjetskim razmjerama. Optu\u017eeni su do sada pravosna\u017eno osu\u0111eni na 2.087 godina zatvora. Osu\u0111uju\u0107e presude u predmetima ratnih zlo\u010dina, na osnovu optu\u017enica Tu\u017eila\u0161tva BiH, [&hellip;]<\/p>\n","protected":false},"author":1,"featured_media":0,"comment_status":"open","ping_status":"closed","sticky":false,"template":"","format":"standard","meta":{"_seopress_robots_primary_cat":"","_seopress_titles_title":"","_seopress_titles_desc":"","_seopress_robots_index":"","_et_pb_use_builder":"","_et_pb_old_content":"","_et_gb_content_width":"","inline_featured_image":false,"footnotes":""},"categories":[14],"tags":[],"class_list":["post-204678","post","type-post","status-publish","format-standard","hentry","category-vijesti"],"_links":{"self":[{"href":"https:\/\/www.pcnen.com\/portal\/wp-json\/wp\/v2\/posts\/204678","targetHints":{"allow":["GET"]}}],"collection":[{"href":"https:\/\/www.pcnen.com\/portal\/wp-json\/wp\/v2\/posts"}],"about":[{"href":"https:\/\/www.pcnen.com\/portal\/wp-json\/wp\/v2\/types\/post"}],"author":[{"embeddable":true,"href":"https:\/\/www.pcnen.com\/portal\/wp-json\/wp\/v2\/users\/1"}],"replies":[{"embeddable":true,"href":"https:\/\/www.pcnen.com\/portal\/wp-json\/wp\/v2\/comments?post=204678"}],"version-history":[{"count":0,"href":"https:\/\/www.pcnen.com\/portal\/wp-json\/wp\/v2\/posts\/204678\/revisions"}],"wp:attachment":[{"href":"https:\/\/www.pcnen.com\/portal\/wp-json\/wp\/v2\/media?parent=204678"}],"wp:term":[{"taxonomy":"category","embeddable":true,"href":"https:\/\/www.pcnen.com\/portal\/wp-json\/wp\/v2\/categories?post=204678"},{"taxonomy":"post_tag","embeddable":true,"href":"https:\/\/www.pcnen.com\/portal\/wp-json\/wp\/v2\/tags?post=204678"}],"curies":[{"name":"wp","href":"https:\/\/api.w.org\/{rel}","templated":true}]}}