{"id":204674,"date":"2016-05-09T15:09:37","date_gmt":"2016-05-09T13:09:37","guid":{"rendered":"http:\/\/www.pcnen.com\/portal\/?p=204674"},"modified":"2016-05-09T15:09:37","modified_gmt":"2016-05-09T13:09:37","slug":"ravnogorski-pokret-ilegalan-u-crnoj-gori","status":"publish","type":"post","link":"https:\/\/www.pcnen.com\/portal\/2016\/05\/09\/ravnogorski-pokret-ilegalan-u-crnoj-gori\/","title":{"rendered":"Ravnogorski pokret ilegalan u Crnoj Gori"},"content":{"rendered":"<p><img loading=\"lazy\" decoding=\"async\" src=\"http:\/\/www.pcnen.com\/portal\/wp-content\/uploads\/2016\/05\/cetnici-cg-300x198.jpg\" alt=\"cetnici cg\" width=\"300\" height=\"198\" class=\"alignleft size-medium wp-image-204356\" \/>Ministarstvo unutra\u0161njih poslova CG je poni\u0161tilo <a href=\"http:\/\/www.pcnen.com\/portal\/2016\/05\/04\/u-crnoj-gori-priznat-ravnogorski-pokret\/\">svoje ranije rje\u0161enje <\/a>kojim se u registar upisuje nevladino udru\u017eenje Ravnogorski pokret Crne Gore.<\/p>\n<p>&#8220;Rje\u0161enje o upisu Ravnogorskog pokreta u Registar nevladinih udru\u017eenja donijeto je mimo znanja rukovodioca MUP-a, pa je, po saznanju za njega, pokrenuo proceduru utvr\u0111ivanja okolnosti pod kojima je ono donijeto. Utvr\u0111eno je da je rje\u0161enje donijeto mimo propisa i bez potpisa rukovodioca MUP-a. Tako\u0111e, nakon saznanja za registraciju Ravnogorskog pokreta, uslijedile su o\u0161tre rekacije javnosti sa zahtjevom upu\u0107enim potpredsjedniku Markovi\u0107u da se izbri\u0161e odnosno zabrani rad ovog nevladinog udru\u017eenja jer bi njegovo djelovanje bilo suprotno Ustavu Crne Gore&#8221;, saop\u0161teno je iz MUP-a.<\/p>\n<p>U obrazlo\u017eenju je navedeno da ovo nevladino udru\u017eenje \u201czastupa i zagovara ideologiju koja je suprotna Ustavu Crne Gore, odnosno ova ideologija predstavlja opasnost po nezavisnost, suverenost i ustavno ure\u0111enje Crne Gore, \u0161to izaziva opasnost po javni mir, javni poredak i javni moral\u201c.<\/p>\n<p><a href=\"http:\/\/www.pcnen.com\/portal\/2016\/05\/04\/gradanska-alijansa-trazi-zabranu-ravnogorskog-pokreta\/\">Zahtjev za zabranu djelovanje Ravnogorskog pokreta u Crnoj Gori <\/a>uputilo je nevladino udru\u017eenje iz Podgorice Gra\u0111anska alternativa.<\/p>\n","protected":false},"excerpt":{"rendered":"<p>U obrazlo\u017eenju je navedeno da ovo nevladino udru\u017eenje \u201czastupa i zagovara ideologiju koja je suprotna Ustavu Crne Gore<\/p>\n","protected":false},"author":1,"featured_media":0,"comment_status":"open","ping_status":"closed","sticky":false,"template":"","format":"standard","meta":{"_seopress_robots_primary_cat":"","_seopress_titles_title":"","_seopress_titles_desc":"","_seopress_robots_index":"","_et_pb_use_builder":"","_et_pb_old_content":"","_et_gb_content_width":"","inline_featured_image":false,"footnotes":""},"categories":[14,12],"tags":[],"class_list":["post-204674","post","type-post","status-publish","format-standard","hentry","category-vijesti","category-prica-dana"],"_links":{"self":[{"href":"https:\/\/www.pcnen.com\/portal\/wp-json\/wp\/v2\/posts\/204674","targetHints":{"allow":["GET"]}}],"collection":[{"href":"https:\/\/www.pcnen.com\/portal\/wp-json\/wp\/v2\/posts"}],"about":[{"href":"https:\/\/www.pcnen.com\/portal\/wp-json\/wp\/v2\/types\/post"}],"author":[{"embeddable":true,"href":"https:\/\/www.pcnen.com\/portal\/wp-json\/wp\/v2\/users\/1"}],"replies":[{"embeddable":true,"href":"https:\/\/www.pcnen.com\/portal\/wp-json\/wp\/v2\/comments?post=204674"}],"version-history":[{"count":0,"href":"https:\/\/www.pcnen.com\/portal\/wp-json\/wp\/v2\/posts\/204674\/revisions"}],"wp:attachment":[{"href":"https:\/\/www.pcnen.com\/portal\/wp-json\/wp\/v2\/media?parent=204674"}],"wp:term":[{"taxonomy":"category","embeddable":true,"href":"https:\/\/www.pcnen.com\/portal\/wp-json\/wp\/v2\/categories?post=204674"},{"taxonomy":"post_tag","embeddable":true,"href":"https:\/\/www.pcnen.com\/portal\/wp-json\/wp\/v2\/tags?post=204674"}],"curies":[{"name":"wp","href":"https:\/\/api.w.org\/{rel}","templated":true}]}}