{"id":204667,"date":"2016-05-09T13:08:59","date_gmt":"2016-05-09T11:08:59","guid":{"rendered":"http:\/\/www.pcnen.com\/portal\/?p=204667"},"modified":"2016-05-09T13:21:59","modified_gmt":"2016-05-09T11:21:59","slug":"df-trazi-da-naoruzana-policija-napusti-parlament","status":"publish","type":"post","link":"https:\/\/www.pcnen.com\/portal\/2016\/05\/09\/df-trazi-da-naoruzana-policija-napusti-parlament\/","title":{"rendered":"DF tra\u017ei da naoru\u017eana policija napusti parlament"},"content":{"rendered":"<p><img loading=\"lazy\" decoding=\"async\" src=\"http:\/\/www.pcnen.com\/portal\/wp-content\/uploads\/2012\/11\/parlament-cg-300x182.jpg\" alt=\"zgrada parlamenta Crne Gore\" width=\"300\" height=\"182\" class=\"alignleft size-medium wp-image-98203\" \/>Poslanici opozicionog Demokratskog fronta, koji su do\u0161li na dana\u0161nju sjednicu Skup\u0161tine Crne Gore, zatra\u017eili su da zgradu parlamenta napuste naoru\u017eani policajci.<\/p>\n<p>Poslanica Socijalisti\u010dke narodne partije Sne\u017eana Jonica je zatra\u017eila hitan sastanak Odbora za bezbjednost i odbranu, na kome bi potpredsjednik Vlade i koordinator Ministarstva unutra\u0161njih poslova Du\u0161ko Markovi\u0107 i \u0161ef ANB objasne zbog \u010dega je policija u zgradi parlamenta.<\/p>\n<p>Ovo je uva\u017eio predsjednik parlamenta Ranko Krivokapi\u0107 i dao pauzu.<\/p>\n<p>Krivokapi\u0107, o \u010dijem razrje\u0161enju danas treba da bude raspravljano, ranije je rekao da je prisustvo policije obrazlo\u017eeno blizinom dr\u017eavnog trezora.<\/p>\n<p>Krivokapi\u0107 je rekao da on nije zvao policiju, odgovaraju\u0107i na direktno pitanje poslanika Emila Labudovi\u0107a.<\/p>\n<p>Oko zgrade parlamenta je policija sa psima.<\/p>\n<p>Krivokapi\u0107 je tra\u017eio da parlament zasijeda, a da \u0107e tokom dana dobiti informaciju o razlozima za dodatno obezje\u0111enje Skup\u0161tine.<\/p>\n<p>Na dnevnom redu je usvajanje specijalnog zakona kojim bi bio ozakonjen sporazum o slobodnim i fer izborima i vlade izbornog povjerenja.<\/p>\n","protected":false},"excerpt":{"rendered":"<p>Nema obja\u0161njenja zbog \u010dega su naoru\u017eani policajci u zgradi parlamenta<\/p>\n","protected":false},"author":1,"featured_media":0,"comment_status":"open","ping_status":"closed","sticky":false,"template":"","format":"standard","meta":{"_seopress_robots_primary_cat":"","_seopress_titles_title":"","_seopress_titles_desc":"","_seopress_robots_index":"","_et_pb_use_builder":"","_et_pb_old_content":"","_et_gb_content_width":"","inline_featured_image":false,"footnotes":""},"categories":[14,12],"tags":[],"class_list":["post-204667","post","type-post","status-publish","format-standard","hentry","category-vijesti","category-prica-dana"],"_links":{"self":[{"href":"https:\/\/www.pcnen.com\/portal\/wp-json\/wp\/v2\/posts\/204667","targetHints":{"allow":["GET"]}}],"collection":[{"href":"https:\/\/www.pcnen.com\/portal\/wp-json\/wp\/v2\/posts"}],"about":[{"href":"https:\/\/www.pcnen.com\/portal\/wp-json\/wp\/v2\/types\/post"}],"author":[{"embeddable":true,"href":"https:\/\/www.pcnen.com\/portal\/wp-json\/wp\/v2\/users\/1"}],"replies":[{"embeddable":true,"href":"https:\/\/www.pcnen.com\/portal\/wp-json\/wp\/v2\/comments?post=204667"}],"version-history":[{"count":0,"href":"https:\/\/www.pcnen.com\/portal\/wp-json\/wp\/v2\/posts\/204667\/revisions"}],"wp:attachment":[{"href":"https:\/\/www.pcnen.com\/portal\/wp-json\/wp\/v2\/media?parent=204667"}],"wp:term":[{"taxonomy":"category","embeddable":true,"href":"https:\/\/www.pcnen.com\/portal\/wp-json\/wp\/v2\/categories?post=204667"},{"taxonomy":"post_tag","embeddable":true,"href":"https:\/\/www.pcnen.com\/portal\/wp-json\/wp\/v2\/tags?post=204667"}],"curies":[{"name":"wp","href":"https:\/\/api.w.org\/{rel}","templated":true}]}}