{"id":204650,"date":"2016-05-09T09:40:46","date_gmt":"2016-05-09T07:40:46","guid":{"rendered":"http:\/\/www.pcnen.com\/portal\/?p=204650"},"modified":"2016-05-09T22:12:54","modified_gmt":"2016-05-09T20:12:54","slug":"nesreca-joj-odnijela-vid-druga-joj-ga-vratila","status":"publish","type":"post","link":"https:\/\/www.pcnen.com\/portal\/2016\/05\/09\/nesreca-joj-odnijela-vid-druga-joj-ga-vratila\/","title":{"rendered":"Nesre\u0107a joj odnijela vid, druga joj ga vratila"},"content":{"rendered":"<p><img loading=\"lazy\" decoding=\"async\" src=\"http:\/\/www.pcnen.com\/portal\/wp-content\/uploads\/2016\/05\/mary-ann-franco-300x219.jpg\" alt=\"mary-ann-franco\" width=\"300\" height=\"219\" class=\"alignleft size-medium wp-image-204651\" \/>Nakon \u0161to je pala i udarila glavom u svom domu na Floridi, Mary Ann Franco (70) se vratio vid koji je izgubila prije du\u017ee od 20 godina, prenose inostrani medij.<\/p>\n<p>Ona je postepeno gubila vid poslije povrede ki\u010dme u saobra\u0107ajnoj nesre\u0107i 1993. godine.<\/p>\n<p>\u201cBila sam u svojoj dnevnoj sobi i krenula prema vratima. Zapela sam za plo\u010dicu i posrnula. Udarila sam tjemenom u kamin, mislim\u201d, kazala je Mary.<\/p>\n<p>Pad se desio u avgustu lani i tek je nedavno operisana. Kada se nakon \u010detverosatne operacije vrata probudila iz anestezije, shvatila je da joj se vid vratio.<\/p>\n<p>\u201cMedicinskoj sestri sam rekla &#8216;Hej, damo u ljubi\u010dastom, dajte mi ne\u0161to protiv bolova&#8217;. Toliko je boljelo da sam bila nepristojna, a ja sam uvijek ljubazna\u201d, ka\u017ee Mary.<\/p>\n<p>\u201cMoja ne\u0107akinja me je zapanjeno upitala: &#8216;\u0160ta si rekla?&#8217;, i onda sam shvatila da vidim. Dali su mi ljekove, a idu\u0107eg jutra mogla sam kroz bolni\u010dki prozor vidjeti drve\u0107e i ku\u0107e\u201d. <\/p>\n<p><iframe loading=\"lazy\" title=\"Florida woman regains sight after 21 years of blindness\" width=\"1080\" height=\"608\" src=\"https:\/\/www.youtube.com\/embed\/-RgtsnI6fL0?feature=oembed\" frameborder=\"0\" allow=\"accelerometer; autoplay; clipboard-write; encrypted-media; gyroscope; picture-in-picture; web-share\" allowfullscreen><\/iframe><\/p>\n<p>Neurokirurg John Afshar, koji je izveo operaciju, kazao je za ABC News da nije o\u010dekivao da \u0107e se \u017eeni vratiti vid.<\/p>\n<p>\u201cTo je pravo \u010dudo. Nemam nau\u010dnih dokaza za to\u201d, kazao je i objasnio da je jedna od teorija da je nesre\u0107a uticala na arterije i ograni\u010dila protok krvi u dio mozga koji kontroli\u0161e vid. \u201cMo\u017eda smo pri operaciji, ne znaju\u0107i, ponovo omogu\u0107ili protok krvi pa joj se vratio vid\u201d.<\/p>\n<p>Mary  \u010dvrsto vjeruje u Boga i \u010dudesan povratak vida pripisuje svojoj vjeri.<\/p>\n","protected":false},"excerpt":{"rendered":"<p>Nakon \u0161to je pala i udarila glavom o kamin, \u017eeni se vratio vid koji je izgubila prije<\/p>\n","protected":false},"author":1,"featured_media":0,"comment_status":"open","ping_status":"closed","sticky":false,"template":"","format":"standard","meta":{"_seopress_robots_primary_cat":"","_seopress_titles_title":"","_seopress_titles_desc":"","_seopress_robots_index":"","_et_pb_use_builder":"","_et_pb_old_content":"","_et_gb_content_width":"","inline_featured_image":false,"footnotes":""},"categories":[9],"tags":[],"class_list":["post-204650","post","type-post","status-publish","format-standard","hentry","category-zanimljivosti"],"_links":{"self":[{"href":"https:\/\/www.pcnen.com\/portal\/wp-json\/wp\/v2\/posts\/204650","targetHints":{"allow":["GET"]}}],"collection":[{"href":"https:\/\/www.pcnen.com\/portal\/wp-json\/wp\/v2\/posts"}],"about":[{"href":"https:\/\/www.pcnen.com\/portal\/wp-json\/wp\/v2\/types\/post"}],"author":[{"embeddable":true,"href":"https:\/\/www.pcnen.com\/portal\/wp-json\/wp\/v2\/users\/1"}],"replies":[{"embeddable":true,"href":"https:\/\/www.pcnen.com\/portal\/wp-json\/wp\/v2\/comments?post=204650"}],"version-history":[{"count":0,"href":"https:\/\/www.pcnen.com\/portal\/wp-json\/wp\/v2\/posts\/204650\/revisions"}],"wp:attachment":[{"href":"https:\/\/www.pcnen.com\/portal\/wp-json\/wp\/v2\/media?parent=204650"}],"wp:term":[{"taxonomy":"category","embeddable":true,"href":"https:\/\/www.pcnen.com\/portal\/wp-json\/wp\/v2\/categories?post=204650"},{"taxonomy":"post_tag","embeddable":true,"href":"https:\/\/www.pcnen.com\/portal\/wp-json\/wp\/v2\/tags?post=204650"}],"curies":[{"name":"wp","href":"https:\/\/api.w.org\/{rel}","templated":true}]}}