{"id":204645,"date":"2016-05-09T09:09:54","date_gmt":"2016-05-09T07:09:54","guid":{"rendered":"http:\/\/www.pcnen.com\/portal\/?p=204645"},"modified":"2016-05-09T09:48:09","modified_gmt":"2016-05-09T07:48:09","slug":"vujovic-umjesto-ivanovica-na-celu-ministarstva-poljoprivrede","status":"publish","type":"post","link":"https:\/\/www.pcnen.com\/portal\/2016\/05\/09\/vujovic-umjesto-ivanovica-na-celu-ministarstva-poljoprivrede\/","title":{"rendered":"Vujovi\u0107 umjesto Ivanovi\u0107a na \u010delu Ministarstva poljoprivrede"},"content":{"rendered":"<p>Biv\u0161i gradona\u010delnik Cetinja Milorad Mi\u0161o Vujovi\u0107 kandidat je za ministra poljoprivrede u vladi izbornog povjerenja. Njega su, kako pi\u0161u Vijesti, predlo\u017eile opozicionih stranaka koje su sa vladaju\u0107om DPS i njenim koalicionim partnerima potpisale sporazum o slobodnim i fer izborima.<br \/>\nVujovi\u0107 nije \u010dlan ni Demosa, ni URA, ni SDP i bi\u0107e predlo\u017een kao nestrana\u010dka li\u010dnost da zamijeni Petra Ivanovi\u0107a.<\/p>\n<p>Vujovi\u0107 je nekada bio \u010dlan Liberalnog saveza Crne Gore.<\/p>\n","protected":false},"excerpt":{"rendered":"<p>Biv\u0161i gradona\u010delnik Cetinja Milorad Mi\u0161o Vujovi\u0107 kandidat je za ministra poljoprivrede u vladi izbornog povjerenja. Njega su, kako pi\u0161u Vijesti, predlo\u017eile opozicionih stranaka koje su sa vladaju\u0107om DPS i njenim koalicionim partnerima potpisale sporazum o slobodnim i fer izborima. Vujovi\u0107 nije \u010dlan ni Demosa, ni URA, ni SDP i bi\u0107e predlo\u017een kao nestrana\u010dka li\u010dnost da [&hellip;]<\/p>\n","protected":false},"author":1,"featured_media":0,"comment_status":"open","ping_status":"closed","sticky":false,"template":"","format":"standard","meta":{"_seopress_robots_primary_cat":"","_seopress_titles_title":"","_seopress_titles_desc":"","_seopress_robots_index":"","_et_pb_use_builder":"","_et_pb_old_content":"","_et_gb_content_width":"","inline_featured_image":false,"footnotes":""},"categories":[14],"tags":[],"class_list":["post-204645","post","type-post","status-publish","format-standard","hentry","category-vijesti"],"_links":{"self":[{"href":"https:\/\/www.pcnen.com\/portal\/wp-json\/wp\/v2\/posts\/204645","targetHints":{"allow":["GET"]}}],"collection":[{"href":"https:\/\/www.pcnen.com\/portal\/wp-json\/wp\/v2\/posts"}],"about":[{"href":"https:\/\/www.pcnen.com\/portal\/wp-json\/wp\/v2\/types\/post"}],"author":[{"embeddable":true,"href":"https:\/\/www.pcnen.com\/portal\/wp-json\/wp\/v2\/users\/1"}],"replies":[{"embeddable":true,"href":"https:\/\/www.pcnen.com\/portal\/wp-json\/wp\/v2\/comments?post=204645"}],"version-history":[{"count":0,"href":"https:\/\/www.pcnen.com\/portal\/wp-json\/wp\/v2\/posts\/204645\/revisions"}],"wp:attachment":[{"href":"https:\/\/www.pcnen.com\/portal\/wp-json\/wp\/v2\/media?parent=204645"}],"wp:term":[{"taxonomy":"category","embeddable":true,"href":"https:\/\/www.pcnen.com\/portal\/wp-json\/wp\/v2\/categories?post=204645"},{"taxonomy":"post_tag","embeddable":true,"href":"https:\/\/www.pcnen.com\/portal\/wp-json\/wp\/v2\/tags?post=204645"}],"curies":[{"name":"wp","href":"https:\/\/api.w.org\/{rel}","templated":true}]}}