{"id":204519,"date":"2016-05-06T23:04:29","date_gmt":"2016-05-06T21:04:29","guid":{"rendered":"http:\/\/www.pcnen.com\/portal\/?p=204519"},"modified":"2016-05-06T23:04:29","modified_gmt":"2016-05-06T21:04:29","slug":"banja-luka-sjutra-otvaranje-ferhadije","status":"publish","type":"post","link":"https:\/\/www.pcnen.com\/portal\/2016\/05\/06\/banja-luka-sjutra-otvaranje-ferhadije\/","title":{"rendered":"Banja Luka: Sjutra otvaranje Ferhadije"},"content":{"rendered":"<p>Vi\u0161e od hiljadu policajaca osigurava\u0107e sve\u010dano otvaranje Ferhad-pa\u0161ine d\u017eamije u Banja Luci.<\/p>\n<p>U MUP-u ka\u017eu da su sve pripreme zavr\u0161ene te da je na osiguranju skupa anga\u017eovano vi\u0161e od hiljadu policajaca, javlja Al Jazeera.<\/p>\n<p>O\u010dekuje se 10.000 posjetilaca, a najavljen je i dolazak turskog premijera u ostavci Ahmeta Davutoglua.<\/p>\n<p>Ferhadija \u0107e biti otvorena na dan kad je sru\u0161ena prije 23 godine, a to je vjerski objekt koji je prije rata u Bosni i Hercegovini uvr\u0161ten na UNESCO-vu listu spomenika svjetske ba\u0161tine.<\/p>\n<p>Obnova je trajala 15 godina.<\/p>\n","protected":false},"excerpt":{"rendered":"<p>Vi\u0161e od hiljadu policajaca osigurava\u0107e sve\u010dano otvaranje Ferhad-pa\u0161ine d\u017eamije u Banja Luci. U MUP-u ka\u017eu da su sve pripreme zavr\u0161ene te da je na osiguranju skupa anga\u017eovano vi\u0161e od hiljadu policajaca, javlja Al Jazeera. O\u010dekuje se 10.000 posjetilaca, a najavljen je i dolazak turskog premijera u ostavci Ahmeta Davutoglua. Ferhadija \u0107e biti otvorena na dan [&hellip;]<\/p>\n","protected":false},"author":1,"featured_media":0,"comment_status":"open","ping_status":"closed","sticky":false,"template":"","format":"standard","meta":{"_seopress_robots_primary_cat":"","_seopress_titles_title":"","_seopress_titles_desc":"","_seopress_robots_index":"","_et_pb_use_builder":"","_et_pb_old_content":"","_et_gb_content_width":"","inline_featured_image":false,"footnotes":""},"categories":[14],"tags":[],"class_list":["post-204519","post","type-post","status-publish","format-standard","hentry","category-vijesti"],"_links":{"self":[{"href":"https:\/\/www.pcnen.com\/portal\/wp-json\/wp\/v2\/posts\/204519","targetHints":{"allow":["GET"]}}],"collection":[{"href":"https:\/\/www.pcnen.com\/portal\/wp-json\/wp\/v2\/posts"}],"about":[{"href":"https:\/\/www.pcnen.com\/portal\/wp-json\/wp\/v2\/types\/post"}],"author":[{"embeddable":true,"href":"https:\/\/www.pcnen.com\/portal\/wp-json\/wp\/v2\/users\/1"}],"replies":[{"embeddable":true,"href":"https:\/\/www.pcnen.com\/portal\/wp-json\/wp\/v2\/comments?post=204519"}],"version-history":[{"count":0,"href":"https:\/\/www.pcnen.com\/portal\/wp-json\/wp\/v2\/posts\/204519\/revisions"}],"wp:attachment":[{"href":"https:\/\/www.pcnen.com\/portal\/wp-json\/wp\/v2\/media?parent=204519"}],"wp:term":[{"taxonomy":"category","embeddable":true,"href":"https:\/\/www.pcnen.com\/portal\/wp-json\/wp\/v2\/categories?post=204519"},{"taxonomy":"post_tag","embeddable":true,"href":"https:\/\/www.pcnen.com\/portal\/wp-json\/wp\/v2\/tags?post=204519"}],"curies":[{"name":"wp","href":"https:\/\/api.w.org\/{rel}","templated":true}]}}