{"id":204371,"date":"2016-05-04T13:09:30","date_gmt":"2016-05-04T11:09:30","guid":{"rendered":"http:\/\/www.pcnen.com\/portal\/?p=204371"},"modified":"2016-05-04T13:25:40","modified_gmt":"2016-05-04T11:25:40","slug":"incident-u-skupstini-cg","status":"publish","type":"post","link":"https:\/\/www.pcnen.com\/portal\/2016\/05\/04\/incident-u-skupstini-cg\/","title":{"rendered":"Incident u Skup\u0161tini CG"},"content":{"rendered":"<p><img loading=\"lazy\" decoding=\"async\" src=\"http:\/\/www.pcnen.com\/portal\/wp-content\/uploads\/2016\/05\/DF-poslanici-parlament-300x172.jpg\" alt=\"DF-poslanici-parlament\" width=\"300\" height=\"172\" class=\"alignleft size-medium wp-image-204373\" \/>Poslanici Demokratskog fronta su se nakon devet mjeseci bojkota Parlamenta, prilikom ulaska u zgradu, sukobili sa obezbje\u0111enjem Skup\u0161tine.<\/p>\n<p>U holu Skup\u0161tine pojavili su se i redari Demokratskog fronta.<\/p>\n<p>Obezbje\u0111enje Skup\u0161tine je htjelo da ih pretrese, poslanici DF su to odbili i onda je do\u0161lo do gu\u017eve u kojoj je bilo gurkanja i psovki.<\/p>\n<p>Poslanici su potom u\u0161li u Skup\u0161tinu i u holu skandirali &#8220;Milo, lopove&#8221;.<\/p>\n<p>Skup\u0161tina Crne Gore je danas <a href=\"http:\/\/www.pcnen.com\/portal\/2016\/05\/04\/crnogorski-parlament-danas-o-vladi-i-krivokapicu\/\">trebalo da po\u010dne sjednicu<\/a> na kojoj je predvi\u0111en izbor opozicionih ministara u Vladu, kao i glasanje o predlogu da se Ranko Krivokapi\u0107 smjeni s mjesta predsjednika parlamenta.<\/p>\n<p>Opozicione partije koje su prihvatile ponudu premijera Mila \u0110ukanovi\u0107a za u\u010de\u0161\u0107e u njegovoj Vladi, me\u0111utim, jo\u0161 <a href=\"http:\/\/www.pcnen.com\/portal\/2016\/05\/04\/skupstina-odgodena-nije-odrzana-sjednica-zakonodavnog-odbora\/\">nisu usaglasile listu predloga<\/a> za pet ministarskih funkcija, koliko im je ponu\u0111eno.<\/p>\n","protected":false},"excerpt":{"rendered":"<p>Poslanici Demokratskog fronta su se nakon devet mjeseci bojkota Parlamenta, prilikom ulaska u zgradu, sukobili sa obezbje\u0111enjem Skup\u0161tine. U holu Skup\u0161tine pojavili su se i redari Demokratskog fronta. Obezbje\u0111enje Skup\u0161tine je htjelo da ih pretrese, poslanici DF su to odbili i onda je do\u0161lo do gu\u017eve u kojoj je bilo gurkanja i psovki. Poslanici su [&hellip;]<\/p>\n","protected":false},"author":1,"featured_media":0,"comment_status":"open","ping_status":"closed","sticky":false,"template":"","format":"standard","meta":{"_seopress_robots_primary_cat":"","_seopress_titles_title":"","_seopress_titles_desc":"","_seopress_robots_index":"","_et_pb_use_builder":"","_et_pb_old_content":"","_et_gb_content_width":"","inline_featured_image":false,"footnotes":""},"categories":[14],"tags":[],"class_list":["post-204371","post","type-post","status-publish","format-standard","hentry","category-vijesti"],"_links":{"self":[{"href":"https:\/\/www.pcnen.com\/portal\/wp-json\/wp\/v2\/posts\/204371","targetHints":{"allow":["GET"]}}],"collection":[{"href":"https:\/\/www.pcnen.com\/portal\/wp-json\/wp\/v2\/posts"}],"about":[{"href":"https:\/\/www.pcnen.com\/portal\/wp-json\/wp\/v2\/types\/post"}],"author":[{"embeddable":true,"href":"https:\/\/www.pcnen.com\/portal\/wp-json\/wp\/v2\/users\/1"}],"replies":[{"embeddable":true,"href":"https:\/\/www.pcnen.com\/portal\/wp-json\/wp\/v2\/comments?post=204371"}],"version-history":[{"count":0,"href":"https:\/\/www.pcnen.com\/portal\/wp-json\/wp\/v2\/posts\/204371\/revisions"}],"wp:attachment":[{"href":"https:\/\/www.pcnen.com\/portal\/wp-json\/wp\/v2\/media?parent=204371"}],"wp:term":[{"taxonomy":"category","embeddable":true,"href":"https:\/\/www.pcnen.com\/portal\/wp-json\/wp\/v2\/categories?post=204371"},{"taxonomy":"post_tag","embeddable":true,"href":"https:\/\/www.pcnen.com\/portal\/wp-json\/wp\/v2\/tags?post=204371"}],"curies":[{"name":"wp","href":"https:\/\/api.w.org\/{rel}","templated":true}]}}