{"id":204364,"date":"2016-05-04T12:12:53","date_gmt":"2016-05-04T10:12:53","guid":{"rendered":"http:\/\/www.pcnen.com\/portal\/?p=204364"},"modified":"2016-05-04T12:15:38","modified_gmt":"2016-05-04T10:15:38","slug":"skupstina-odgodena-nije-odrzana-sjednica-zakonodavnog-odbora","status":"publish","type":"post","link":"https:\/\/www.pcnen.com\/portal\/2016\/05\/04\/skupstina-odgodena-nije-odrzana-sjednica-zakonodavnog-odbora\/","title":{"rendered":"Skup\u0161tina odgo\u0111ena, nije odr\u017eana sjednica Zakonodavnog odbora"},"content":{"rendered":"<p><img loading=\"lazy\" decoding=\"async\" src=\"http:\/\/www.pcnen.com\/portal\/wp-content\/uploads\/2012\/11\/parlament-cg-300x182.jpg\" alt=\"zgrada parlamenta Crne Gore\" width=\"300\" height=\"182\" class=\"alignleft size-medium wp-image-98203\" \/>Zakonodavni odbor na kojem je trebalo da bude razmatran leks specijalis, nije odr\u017ean jutros, jer se na Odboru nisu pojavili potpisnici Sporazuma nezavisni poslanik Dritan Abazovi\u0107 i poslanik Demosa Goran Danilovi\u0107.<\/p>\n<p>Vijesti saznaju da se Abazovi\u0107 i Danilovi\u0107 nisu pojavili zbog posljednjih de\u0161avanja u vezi sa Sporazumom, te da \u0107e se pojaviti na Odboru tek kada se rije\u0161i situacija oko Sporazuma.<\/p>\n<p>Sjednica <a href=\"http:\/\/www.pcnen.com\/portal\/2016\/05\/04\/crnogorski-parlament-danas-o-vladi-i-krivokapicu\/\">Parlamenta koja je trebalo da po\u010dne u podne<\/a>, ne\u0107e biti odr\u017eana i nije izvjesno kada \u0107e se odr\u017eati.<\/p>\n<p>U podne \u0107e biti odr\u017ean kolegijum predsjednika Skup\u0161tine.<\/p>\n<p>Ako premijer Milo \u0110ukanovi\u0107 danas dostavi parlamentu predlog promjena u Vladi sa obojicom kandidata SNP-a, URA, Demos i SDP ne\u0107e u\u0107i u Vladu i ne\u0107e glasati za lex specijalis, saop\u0161io je sino\u0107 Vijestima stav ove tri stranke visoki funkcioner jedne od njih.<\/p>\n<p>Glavni odbor SNP-a ju\u010de je iznenada odlu\u010dio da je spreman da potpi\u0161e izborni sporazum, iako je to ranije odbijao, i to uslovio sa dva ministarska mjesta u Vladi.   <\/p>\n<p>Prema izvoru iz trojke, SNP ih sino\u0107 nije obavijestio o zaklju\u010dcima sa svog Glavnog odbora, ve\u0107 je  poslao svoja dva predloga za ministre direktno \u0110ukanovi\u0107u.<br \/>\n\u201cRealna je opasnost da \u0110ukanovi\u0107 napravi neku nedostojnu kombinaciju i poku\u0161a da nas sva\u0111a sa SNP-om\u201d. rekao je izvor \u201cVijesti\u201d uklju\u010den u pregovore. \u201cUkoliko bi \u0110ukanovi\u0107 to uradio, i poslao u parlament predlog promjena u Vladi sa dva kandidata SNP-a, ugrozio bi sporazum i sve bi bilo sru\u0161eno\u201d. <\/p>\n<p>Izvor \u201cVijesti\u201d podsje\u0107a da je \u0110ukanovi\u0107  u pismu dan nakon potpisivanja sporazuma 26. aprila rekao da \u0107e poslati u Vladu predloge shodno potpisanom sporazumu, \u010diji dio SNP tada nije bio. Dodaje i da u lex specialisu, koji su u parlament uputili Goran Danilovi\u0107 i Dritan Abazovi\u0107 stoji da se kandidati za funkcije u Vladi i po dubini biraju sa jedinstvene opozicione liste, \u0161to zna\u010di da premijer ne mo\u017ee  birati i sa njihove liste i sa liste SNP-a.<\/p>\n<p>Prema saznajima Vijesti, jedna od opcija DPS-a je i da ne prihvati predlog SNP-a, a da zadr\u017ei mjesto ministra poljoprivrede. <\/p>\n<p>Kako je izvor Vijesti rekao, niko u \u201ctrojci\u201d  sino\u0107 nije znao da li je Mili\u0107 potpisao sporazum.<\/p>\n","protected":false},"excerpt":{"rendered":"<p>Zakonodavni odbor na kojem je trebalo da bude razmatran leks specijalis, nije odr\u017ean jutros, jer se na Odboru nisu pojavili potpisnici Sporazuma nezavisni poslanik Dritan Abazovi\u0107 i poslanik Demosa Goran Danilovi\u0107. Vijesti saznaju da se Abazovi\u0107 i Danilovi\u0107 nisu pojavili zbog posljednjih de\u0161avanja u vezi sa Sporazumom, te da \u0107e se pojaviti na Odboru tek [&hellip;]<\/p>\n","protected":false},"author":1,"featured_media":0,"comment_status":"open","ping_status":"closed","sticky":false,"template":"","format":"standard","meta":{"_seopress_robots_primary_cat":"","_seopress_titles_title":"","_seopress_titles_desc":"","_seopress_robots_index":"","_et_pb_use_builder":"","_et_pb_old_content":"","_et_gb_content_width":"","inline_featured_image":false,"footnotes":""},"categories":[14,12],"tags":[],"class_list":["post-204364","post","type-post","status-publish","format-standard","hentry","category-vijesti","category-prica-dana"],"_links":{"self":[{"href":"https:\/\/www.pcnen.com\/portal\/wp-json\/wp\/v2\/posts\/204364","targetHints":{"allow":["GET"]}}],"collection":[{"href":"https:\/\/www.pcnen.com\/portal\/wp-json\/wp\/v2\/posts"}],"about":[{"href":"https:\/\/www.pcnen.com\/portal\/wp-json\/wp\/v2\/types\/post"}],"author":[{"embeddable":true,"href":"https:\/\/www.pcnen.com\/portal\/wp-json\/wp\/v2\/users\/1"}],"replies":[{"embeddable":true,"href":"https:\/\/www.pcnen.com\/portal\/wp-json\/wp\/v2\/comments?post=204364"}],"version-history":[{"count":0,"href":"https:\/\/www.pcnen.com\/portal\/wp-json\/wp\/v2\/posts\/204364\/revisions"}],"wp:attachment":[{"href":"https:\/\/www.pcnen.com\/portal\/wp-json\/wp\/v2\/media?parent=204364"}],"wp:term":[{"taxonomy":"category","embeddable":true,"href":"https:\/\/www.pcnen.com\/portal\/wp-json\/wp\/v2\/categories?post=204364"},{"taxonomy":"post_tag","embeddable":true,"href":"https:\/\/www.pcnen.com\/portal\/wp-json\/wp\/v2\/tags?post=204364"}],"curies":[{"name":"wp","href":"https:\/\/api.w.org\/{rel}","templated":true}]}}