{"id":204349,"date":"2016-05-04T09:39:36","date_gmt":"2016-05-04T07:39:36","guid":{"rendered":"http:\/\/www.pcnen.com\/portal\/?p=204349"},"modified":"2016-05-04T12:11:23","modified_gmt":"2016-05-04T10:11:23","slug":"crnogorski-parlament-danas-o-vladi-i-krivokapicu","status":"publish","type":"post","link":"https:\/\/www.pcnen.com\/portal\/2016\/05\/04\/crnogorski-parlament-danas-o-vladi-i-krivokapicu\/","title":{"rendered":"Crnogorski parlament danas o vladi i Krivokapi\u0107u"},"content":{"rendered":"<p><img loading=\"lazy\" decoding=\"async\" src=\"http:\/\/www.pcnen.com\/portal\/wp-content\/uploads\/2012\/11\/parlament-cg-300x182.jpg\" alt=\"zgrada parlamenta Crne Gore\" width=\"300\" height=\"182\" class=\"alignleft size-medium wp-image-98203\" \/>Na sjednici Skup\u0161tine Crne Gore koja je zakazana za danas predvi\u0111en je izbor ministara iiz redova opozicije u vladu izbornog povjerenja, kao i glasanje o predlogu poslanika DPS-a da Ranko Krivokapi\u0107 bude razrije\u0161en du\u017enosti predsednika Skup\u0161tine.<\/p>\n<p>Dio opozicije je <a href=\"http:\/\/www.pcnen.com\/portal\/2016\/05\/03\/snp-trazi-dva-ministarstva-demos-ura-i-sdp-na-potezu\/\">ju\u010de predlo\u017eio svoje kandidate za ministre<\/a>, ali su ve\u0107 iskrsle nesuglasice izme\u0111u Socijalisti\u010dke narodne partije, koja tra\u017ei dva mjesta u vladi, i tri opozicione partije koje su potpisale sporazum o slobodnim i fer izborima. <\/p>\n<p>Opozicioni Demokratski front koji je jo\u0161 lani napustio parlament sada optu\u017euje ostalu opoziciju da je &#8220;izdajni\u010dka&#8221; i da , ulaskom u Vladu, &#8220;spasava&#8221; premijera \u0110ukanovi\u0107a. Oni su danas najavili kratkoro\u010dni povratak u parlament, da bi, kako su poru\u010dili, raskrinkali navodnu izdaju.<\/p>\n","protected":false},"excerpt":{"rendered":"<p>Na sjednici Skup\u0161tine Crne Gore koja je zakazana za danas predvi\u0111en je izbor ministara iiz redova opozicije u vladu izbornog povjerenja, kao i glasanje o predlogu poslanika DPS-a da Ranko Krivokapi\u0107 bude razrije\u0161en du\u017enosti predsednika Skup\u0161tine. Dio opozicije je ju\u010de predlo\u017eio svoje kandidate za ministre, ali su ve\u0107 iskrsle nesuglasice izme\u0111u Socijalisti\u010dke narodne partije, koja [&hellip;]<\/p>\n","protected":false},"author":1,"featured_media":0,"comment_status":"open","ping_status":"closed","sticky":false,"template":"","format":"standard","meta":{"_seopress_robots_primary_cat":"","_seopress_titles_title":"","_seopress_titles_desc":"","_seopress_robots_index":"","_et_pb_use_builder":"","_et_pb_old_content":"","_et_gb_content_width":"","inline_featured_image":false,"footnotes":""},"categories":[14],"tags":[],"class_list":["post-204349","post","type-post","status-publish","format-standard","hentry","category-vijesti"],"_links":{"self":[{"href":"https:\/\/www.pcnen.com\/portal\/wp-json\/wp\/v2\/posts\/204349","targetHints":{"allow":["GET"]}}],"collection":[{"href":"https:\/\/www.pcnen.com\/portal\/wp-json\/wp\/v2\/posts"}],"about":[{"href":"https:\/\/www.pcnen.com\/portal\/wp-json\/wp\/v2\/types\/post"}],"author":[{"embeddable":true,"href":"https:\/\/www.pcnen.com\/portal\/wp-json\/wp\/v2\/users\/1"}],"replies":[{"embeddable":true,"href":"https:\/\/www.pcnen.com\/portal\/wp-json\/wp\/v2\/comments?post=204349"}],"version-history":[{"count":0,"href":"https:\/\/www.pcnen.com\/portal\/wp-json\/wp\/v2\/posts\/204349\/revisions"}],"wp:attachment":[{"href":"https:\/\/www.pcnen.com\/portal\/wp-json\/wp\/v2\/media?parent=204349"}],"wp:term":[{"taxonomy":"category","embeddable":true,"href":"https:\/\/www.pcnen.com\/portal\/wp-json\/wp\/v2\/categories?post=204349"},{"taxonomy":"post_tag","embeddable":true,"href":"https:\/\/www.pcnen.com\/portal\/wp-json\/wp\/v2\/tags?post=204349"}],"curies":[{"name":"wp","href":"https:\/\/api.w.org\/{rel}","templated":true}]}}