{"id":204191,"date":"2016-05-01T16:34:35","date_gmt":"2016-05-01T14:34:35","guid":{"rendered":"http:\/\/www.pcnen.com\/portal\/?p=204191"},"modified":"2016-05-01T16:34:35","modified_gmt":"2016-05-01T14:34:35","slug":"cgprvomajske-povorke-u-podgorici-i-niksicu","status":"publish","type":"post","link":"https:\/\/www.pcnen.com\/portal\/2016\/05\/01\/cgprvomajske-povorke-u-podgorici-i-niksicu\/","title":{"rendered":"CG:Prvomajske povorke u Podgorici i Nik\u0161i\u0107u"},"content":{"rendered":"<p>U Crnoj Gori je danas bilo protestnih prvomajskih skupova na kojima je skrenuta paznja na te\u017eak polozaj radnika \u010dija su prava sve ugro\u017eenija, a za\u0161tita na radu sve slabija.<\/p>\n<p>Unija slobodnih sindikata (USS) je protestnom povorkom u Podgorici ozna\u010dila po\u010detak kampanje za za\u0161titu i sigurnost na radu za koju smatra da je jedan od velikih problema.<\/p>\n<p>Ipak, svega stotinak sindikalnih aktivista je pro\u0161lo centrom Podgorice kako bi skrenuli pa\u017enju na te\u017eak polo\u017eaj radnika, prenosi RSE.<\/p>\n<p>Ukazao je da u Evropi godi\u0161nje na radnom mjestu pogine vi\u0161e od 3.500 radnika, a oboli vi\u0161e od 11 hiljada, dok podataka o tome za Crnu Goru nema. <\/p>\n<p>Protest povodom te\u0161kog socijlanog statusa zaposlenih u Nik\u0161i\u0107u je organizovao biv\u0161i sindikalni lider, sada funkcioner opozicionog Demokratskog fronta (DF) Janko Vu\u010dini\u0107.<\/p>\n<p>Prosje\u010dna martovska zarada u Crnoj Gori iznosila je 488 eura \u0161to je skoro upola manje od mjese\u010dnih potreba jedne \u010detvoro\u010dlane porodice.<\/p>\n<p>Stopa nezaposlenoisti u Crnoj Gori je 18 odsto i raste.<\/p>\n","protected":false},"excerpt":{"rendered":"<p>U Crnoj Gori je danas bilo protestnih prvomajskih skupova na kojima je skrenuta paznja na te\u017eak polozaj radnika \u010dija su prava sve ugro\u017eenija, a za\u0161tita na radu sve slabija. Unija slobodnih sindikata (USS) je protestnom povorkom u Podgorici ozna\u010dila po\u010detak kampanje za za\u0161titu i sigurnost na radu za koju smatra da je jedan od velikih [&hellip;]<\/p>\n","protected":false},"author":1,"featured_media":0,"comment_status":"open","ping_status":"closed","sticky":false,"template":"","format":"standard","meta":{"_seopress_robots_primary_cat":"","_seopress_titles_title":"","_seopress_titles_desc":"","_seopress_robots_index":"","_et_pb_use_builder":"","_et_pb_old_content":"","_et_gb_content_width":"","inline_featured_image":false,"footnotes":""},"categories":[14],"tags":[],"class_list":["post-204191","post","type-post","status-publish","format-standard","hentry","category-vijesti"],"_links":{"self":[{"href":"https:\/\/www.pcnen.com\/portal\/wp-json\/wp\/v2\/posts\/204191","targetHints":{"allow":["GET"]}}],"collection":[{"href":"https:\/\/www.pcnen.com\/portal\/wp-json\/wp\/v2\/posts"}],"about":[{"href":"https:\/\/www.pcnen.com\/portal\/wp-json\/wp\/v2\/types\/post"}],"author":[{"embeddable":true,"href":"https:\/\/www.pcnen.com\/portal\/wp-json\/wp\/v2\/users\/1"}],"replies":[{"embeddable":true,"href":"https:\/\/www.pcnen.com\/portal\/wp-json\/wp\/v2\/comments?post=204191"}],"version-history":[{"count":0,"href":"https:\/\/www.pcnen.com\/portal\/wp-json\/wp\/v2\/posts\/204191\/revisions"}],"wp:attachment":[{"href":"https:\/\/www.pcnen.com\/portal\/wp-json\/wp\/v2\/media?parent=204191"}],"wp:term":[{"taxonomy":"category","embeddable":true,"href":"https:\/\/www.pcnen.com\/portal\/wp-json\/wp\/v2\/categories?post=204191"},{"taxonomy":"post_tag","embeddable":true,"href":"https:\/\/www.pcnen.com\/portal\/wp-json\/wp\/v2\/tags?post=204191"}],"curies":[{"name":"wp","href":"https:\/\/api.w.org\/{rel}","templated":true}]}}