{"id":204188,"date":"2016-05-01T14:10:38","date_gmt":"2016-05-01T12:10:38","guid":{"rendered":"http:\/\/www.pcnen.com\/portal\/?p=204188"},"modified":"2016-05-01T20:31:01","modified_gmt":"2016-05-01T18:31:01","slug":"fiba-ne-priznaje-aba-ligu","status":"publish","type":"post","link":"https:\/\/www.pcnen.com\/portal\/2016\/05\/01\/fiba-ne-priznaje-aba-ligu\/","title":{"rendered":"FIBA ne priznaje ABA ligu"},"content":{"rendered":"<p><img loading=\"lazy\" decoding=\"async\" src=\"http:\/\/www.pcnen.com\/portal\/wp-content\/uploads\/2013\/09\/kosarka-300x181.jpg\" alt=\"kosarka\" width=\"300\" height=\"181\" class=\"alignleft size-medium wp-image-123378\" \/>Me\u0111unarodna ko\u0161arka\u0161ka federacija (FIBA) ne priznaje vi\u0161e ABA ligu u ovom obliku, objavljeno je na sajtu te organizacije.<\/p>\n<p>Izvr\u0161ni komitet FIBA sastao se u Parizu i raspravljao o odgovorima koje je dobila od 14 nacionalnih federacija, nakon \u0161to je zaprijetila suspenzijama, jer su tamo\u0161nji klubovi odlu\u010dili da igraju Eurokup, prenosi Tanjug.<\/p>\n<p>Konstatovano je da su federacije u\u010dinile sve da rije\u0161e problem sa FIBA, ali i od pojedinih odlu\u010dila da dobije garancije da \u0107e postupiti kao \u0161to su dostavile u pismu FIBA.<\/p>\n<p>Izvr\u0161ni komitet FIBA ponovo \u0107e zasjedati 14. maja, dok bi ranije trebalo da bude sastanak te organizacije sa Evroligom u Minhenu.<\/p>\n<p>Podsjetimo, ABA liga je ranije potpisala trogodi\u0161nji ugovor sa Evroligom prema kojem bi imala jedno mjesto u najja\u010dem evropskom takmi\u010denju i tri u Eurokupu.<\/p>\n","protected":false},"excerpt":{"rendered":"<p>BA liga je ranije potpisala trogodi\u0161nji ugovor sa Evroligom prema kojem bi imala jedno mjesto u najja\u010dem evropskom takmi\u010denju i tri u Eurokupu<\/p>\n","protected":false},"author":1,"featured_media":0,"comment_status":"open","ping_status":"closed","sticky":false,"template":"","format":"standard","meta":{"_seopress_robots_primary_cat":"","_seopress_titles_title":"","_seopress_titles_desc":"","_seopress_robots_index":"","_et_pb_use_builder":"","_et_pb_old_content":"","_et_gb_content_width":"","inline_featured_image":false,"footnotes":""},"categories":[14,12],"tags":[],"class_list":["post-204188","post","type-post","status-publish","format-standard","hentry","category-vijesti","category-prica-dana"],"_links":{"self":[{"href":"https:\/\/www.pcnen.com\/portal\/wp-json\/wp\/v2\/posts\/204188","targetHints":{"allow":["GET"]}}],"collection":[{"href":"https:\/\/www.pcnen.com\/portal\/wp-json\/wp\/v2\/posts"}],"about":[{"href":"https:\/\/www.pcnen.com\/portal\/wp-json\/wp\/v2\/types\/post"}],"author":[{"embeddable":true,"href":"https:\/\/www.pcnen.com\/portal\/wp-json\/wp\/v2\/users\/1"}],"replies":[{"embeddable":true,"href":"https:\/\/www.pcnen.com\/portal\/wp-json\/wp\/v2\/comments?post=204188"}],"version-history":[{"count":0,"href":"https:\/\/www.pcnen.com\/portal\/wp-json\/wp\/v2\/posts\/204188\/revisions"}],"wp:attachment":[{"href":"https:\/\/www.pcnen.com\/portal\/wp-json\/wp\/v2\/media?parent=204188"}],"wp:term":[{"taxonomy":"category","embeddable":true,"href":"https:\/\/www.pcnen.com\/portal\/wp-json\/wp\/v2\/categories?post=204188"},{"taxonomy":"post_tag","embeddable":true,"href":"https:\/\/www.pcnen.com\/portal\/wp-json\/wp\/v2\/tags?post=204188"}],"curies":[{"name":"wp","href":"https:\/\/api.w.org\/{rel}","templated":true}]}}