{"id":204185,"date":"2016-05-01T12:19:58","date_gmt":"2016-05-01T10:19:58","guid":{"rendered":"http:\/\/www.pcnen.com\/portal\/?p=204185"},"modified":"2016-05-01T12:19:58","modified_gmt":"2016-05-01T10:19:58","slug":"danas-medunarodni-praznik-rada","status":"publish","type":"post","link":"https:\/\/www.pcnen.com\/portal\/2016\/05\/01\/danas-medunarodni-praznik-rada\/","title":{"rendered":"Danas Me\u0111unarodni praznik rada"},"content":{"rendered":"<p>Me\u0111unarodni praznik rada, 1. maj, obilje\u017eava se danas u Crnoj Gori i u svijetu, u znak sje\u0107anja na oko 40 hiljada radnika iz \u010cikaga koji su, tra\u017ee\u0107i bolje uslove \u017eivota, stupili u \u0161trajk 1886. godine.<\/p>\n<p>U SAD tada je organizovano oko pet hiljada \u0161trajkova nezadovoljnih radnika koji su zahtijevali obezbje\u0111ivanje dnevnog radnog vremena od osam sati, odmora i kulturnog uzdizanja.<\/p>\n<p>U \u010cikagu su 3. i 4. maja izbili sukobi izme\u0111u radnika i policije, bilo je poginulih, a vo\u0111e \u0161trajka osu\u0111ene su na smrt.<\/p>\n<p>Predstavnici radnika iz cijelog svijeta tri godine kasnije, u Parizu na Drugom kongresu Internacionale, odlu\u010dili su da svake godine slave Prvi maj kao me\u0111unarodni praznik radni\u010dke borbe i solidarnosti.<\/p>\n<p>Od tada radnici svakog 1. maja organizuju priredbe, zborove i demonstracije, izlaze na ulice tra\u017ee\u0107i bolje uslove \u017eivota i rada.<\/p>\n<p>Prvi maj je kao i u ve\u0107ini zemalja svijeta, dr\u017eavni praznik i u Crnoj Gori.<br \/>\nUnija slobodnih sindikata Crne Gore organizovala je danas protestnu \u0161etnju i obilje\u017eila po\u010detak kampanje Siguran rad za siguran \u017eivot, posve\u0107enu problemu za\u0161tite i sugurnosti na radu.<\/p>\n","protected":false},"excerpt":{"rendered":"<p>Me\u0111unarodni praznik rada, 1. maj, obilje\u017eava se danas u Crnoj Gori i u svijetu, u znak sje\u0107anja na oko 40 hiljada radnika iz \u010cikaga koji su, tra\u017ee\u0107i bolje uslove \u017eivota, stupili u \u0161trajk 1886. godine. U SAD tada je organizovano oko pet hiljada \u0161trajkova nezadovoljnih radnika koji su zahtijevali obezbje\u0111ivanje dnevnog radnog vremena od osam [&hellip;]<\/p>\n","protected":false},"author":1,"featured_media":0,"comment_status":"open","ping_status":"closed","sticky":false,"template":"","format":"standard","meta":{"_seopress_robots_primary_cat":"","_seopress_titles_title":"","_seopress_titles_desc":"","_seopress_robots_index":"","_et_pb_use_builder":"","_et_pb_old_content":"","_et_gb_content_width":"","inline_featured_image":false,"footnotes":""},"categories":[14],"tags":[],"class_list":["post-204185","post","type-post","status-publish","format-standard","hentry","category-vijesti"],"_links":{"self":[{"href":"https:\/\/www.pcnen.com\/portal\/wp-json\/wp\/v2\/posts\/204185","targetHints":{"allow":["GET"]}}],"collection":[{"href":"https:\/\/www.pcnen.com\/portal\/wp-json\/wp\/v2\/posts"}],"about":[{"href":"https:\/\/www.pcnen.com\/portal\/wp-json\/wp\/v2\/types\/post"}],"author":[{"embeddable":true,"href":"https:\/\/www.pcnen.com\/portal\/wp-json\/wp\/v2\/users\/1"}],"replies":[{"embeddable":true,"href":"https:\/\/www.pcnen.com\/portal\/wp-json\/wp\/v2\/comments?post=204185"}],"version-history":[{"count":0,"href":"https:\/\/www.pcnen.com\/portal\/wp-json\/wp\/v2\/posts\/204185\/revisions"}],"wp:attachment":[{"href":"https:\/\/www.pcnen.com\/portal\/wp-json\/wp\/v2\/media?parent=204185"}],"wp:term":[{"taxonomy":"category","embeddable":true,"href":"https:\/\/www.pcnen.com\/portal\/wp-json\/wp\/v2\/categories?post=204185"},{"taxonomy":"post_tag","embeddable":true,"href":"https:\/\/www.pcnen.com\/portal\/wp-json\/wp\/v2\/tags?post=204185"}],"curies":[{"name":"wp","href":"https:\/\/api.w.org\/{rel}","templated":true}]}}