{"id":196487,"date":"2016-01-02T19:22:04","date_gmt":"2016-01-02T18:22:04","guid":{"rendered":"http:\/\/www.pcnen.com\/portal\/?p=196487"},"modified":"2016-01-02T19:22:04","modified_gmt":"2016-01-02T18:22:04","slug":"italija-zabrinuta-zbog-dzihadista-s-balkana","status":"publish","type":"post","link":"https:\/\/www.pcnen.com\/portal\/2016\/01\/02\/italija-zabrinuta-zbog-dzihadista-s-balkana\/","title":{"rendered":"Italija zabrinuta zbog d\u017eihadista s Balkana"},"content":{"rendered":"<p><img loading=\"lazy\" decoding=\"async\" class=\"alignright size-medium wp-image-160571\" src=\"http:\/\/www.pcnen.com\/portal\/wp-content\/uploads\/2014\/10\/dzihadisti-300x150.jpg\" alt=\"dzihadisti\" width=\"300\" height=\"150\" \/>Italijanske vlasti i slu\u017ebe bezbjednosti su dale znak za uzbunu jer je utvr\u0111eno da &#8220;opasnosti od terorizma ne vrebaju samo iz Libije i Sirije, ve\u0107 se novi teroristi\u010dki front protiv Italije otvorio na istoku&#8221;. Opasnost se zove Balkanska brigada, a prijetnja sti\u017ee preko Albanije i Kosova, pi\u0161e italijanski list <a href=\"http:\/\/www.lastampa.it\/\" target=\"_blank\">Stampa<\/a>, pozivaju\u0107i se na izvore italijanskih bezbjednosnih slu\u017ebi i KFOR-a na Kosovu, prenosi RTS na svom portalu.<\/p>\n<p>Stampa ukazuje na to da se &#8220;malo zna, ali eksplozija d\u017eihadisti\u010dkog \u017eara me\u0111u albanski govore\u0107im stanovni\u0161tvom veoma brine evropske, ameri\u010dke i bliskoisto\u010dne antiteroristi\u010dke slu\u017ebe&#8221;.<\/p>\n<p>Mre\u017ee albanskih d\u017eihadista, \u010dije su vo\u0111e harizmati\u010dni imami, vrbuju pristalice u albanskoj dijaspori u Evropi, uklju\u010duju\u0107i Italiju, navodi Stampa.<\/p>\n<p>Ovaj list podsne\u0107a na to da sa Kosova poti\u010de, srazmjerno stanovni\u0161tvu, najve\u0107i broj stranih d\u017eihadista iz Evrope koji se bore u Siriji, a d\u017eihadisti Albanci zauzimaju visoke polo\u017eaje me\u0111u borbenim formacijama kalifa El Bagdadija, vo\u0111e teroristi\u010dke Islamske dr\u017eave.<\/p>\n","protected":false},"excerpt":{"rendered":"<p>Italijanske vlasti i slu\u017ebe bezbjednosti su dale znak za uzbunu jer je utvr\u0111eno da &#8220;opasnosti od terorizma ne vrebaju samo iz Libije i Sirije, ve\u0107 se novi teroristi\u010dki front protiv Italije otvorio na istoku&#8221;. Opasnost se zove Balkanska brigada, a prijetnja sti\u017ee preko Albanije i Kosova, pi\u0161e italijanski list Stampa, pozivaju\u0107i se na izvore italijanskih [&hellip;]<\/p>\n","protected":false},"author":1,"featured_media":0,"comment_status":"open","ping_status":"closed","sticky":false,"template":"","format":"standard","meta":{"_seopress_robots_primary_cat":"","_seopress_titles_title":"","_seopress_titles_desc":"","_seopress_robots_index":"","_et_pb_use_builder":"","_et_pb_old_content":"","_et_gb_content_width":"","inline_featured_image":false,"footnotes":""},"categories":[14,12],"tags":[],"class_list":["post-196487","post","type-post","status-publish","format-standard","hentry","category-vijesti","category-prica-dana"],"_links":{"self":[{"href":"https:\/\/www.pcnen.com\/portal\/wp-json\/wp\/v2\/posts\/196487","targetHints":{"allow":["GET"]}}],"collection":[{"href":"https:\/\/www.pcnen.com\/portal\/wp-json\/wp\/v2\/posts"}],"about":[{"href":"https:\/\/www.pcnen.com\/portal\/wp-json\/wp\/v2\/types\/post"}],"author":[{"embeddable":true,"href":"https:\/\/www.pcnen.com\/portal\/wp-json\/wp\/v2\/users\/1"}],"replies":[{"embeddable":true,"href":"https:\/\/www.pcnen.com\/portal\/wp-json\/wp\/v2\/comments?post=196487"}],"version-history":[{"count":0,"href":"https:\/\/www.pcnen.com\/portal\/wp-json\/wp\/v2\/posts\/196487\/revisions"}],"wp:attachment":[{"href":"https:\/\/www.pcnen.com\/portal\/wp-json\/wp\/v2\/media?parent=196487"}],"wp:term":[{"taxonomy":"category","embeddable":true,"href":"https:\/\/www.pcnen.com\/portal\/wp-json\/wp\/v2\/categories?post=196487"},{"taxonomy":"post_tag","embeddable":true,"href":"https:\/\/www.pcnen.com\/portal\/wp-json\/wp\/v2\/tags?post=196487"}],"curies":[{"name":"wp","href":"https:\/\/api.w.org\/{rel}","templated":true}]}}