{"id":196464,"date":"2016-01-02T09:58:10","date_gmt":"2016-01-02T08:58:10","guid":{"rendered":"http:\/\/www.pcnen.com\/portal\/?p=196464"},"modified":"2016-01-02T09:58:10","modified_gmt":"2016-01-02T08:58:10","slug":"markovic-svijet-je-pred-novim-ledenim-dobom","status":"publish","type":"post","link":"https:\/\/www.pcnen.com\/portal\/2016\/01\/02\/markovic-svijet-je-pred-novim-ledenim-dobom\/","title":{"rendered":"Markovi\u0107: Svijet je pred novim ledenim dobom"},"content":{"rendered":"<p><img loading=\"lazy\" decoding=\"async\" class=\"alignright size-medium wp-image-88637\" src=\"http:\/\/www.pcnen.com\/portal\/wp-content\/uploads\/2012\/07\/ledeno_doba-300x194.jpg\" alt=\"ledeno_doba\" width=\"300\" height=\"194\" \/>Lekcije iz paleoklime nas u\u010de da sa rezervom prihvatimo stavove agresivnih pobornika paradigme globalnog zagrijavanja na\u0161e planete, ka\u017ee Slobodana B. Markovi\u0107a, redovnog profesora na PMF u Novom Sadu i vode\u0107eg srbijanski stru\u010dnjaka u oblasti geografskih nauka.<\/p>\n<p>\u201cPored ovakvog homocentri\u010dnog pristupa u najmanju ruku treba uva\u017eavati heliocentri\u010dna stanovi\u0161ta, koja poput Milankovi\u0107a u centar zbivanja stavljaju odnose izme\u0111u Zemlje i Sunca. Saglasno sa ritmom <a href=\"https:\/\/hr.wikipedia.org\/wiki\/Milankovi%C4%87evi_ciklusi\" target=\"_blank\">Milankovi\u0107evih ciklusa,<\/a> u budu\u0107nosti \u0107emo u\u0107i u novo ledeno doba kada \u0107e led prekriti \u010ditavu Kanadu i severnu Evroaziju &#8211; pri\u010da na\u0161 sagovornik koji dodaje da prostor na\u0161e zemlje, u\u0161u\u0161kane izme\u0111u velikih planinskih lanaca, \u0107e kao i u pro\u0161lom ledenom dobu biti jedno od najprijatnijih uto\u010di\u0161ta za \u017eivot\u201d, ka\u017ee Markovi\u0107 za Blic.<\/p>\n","protected":false},"excerpt":{"rendered":"<p>Lekcije iz paleoklime nas u\u010de da sa rezervom prihvatimo stavove agresivnih pobornika paradigme globalnog zagrijavanja na\u0161e planete, ka\u017ee Slobodana B. Markovi\u0107a, redovnog profesora na PMF u Novom Sadu i vode\u0107eg srbijanski stru\u010dnjaka u oblasti geografskih nauka. \u201cPored ovakvog homocentri\u010dnog pristupa u najmanju ruku treba uva\u017eavati heliocentri\u010dna stanovi\u0161ta, koja poput Milankovi\u0107a u centar zbivanja stavljaju odnose [&hellip;]<\/p>\n","protected":false},"author":1,"featured_media":0,"comment_status":"open","ping_status":"closed","sticky":false,"template":"","format":"standard","meta":{"_seopress_robots_primary_cat":"","_seopress_titles_title":"","_seopress_titles_desc":"","_seopress_robots_index":"","_et_pb_use_builder":"","_et_pb_old_content":"","_et_gb_content_width":"","inline_featured_image":false,"footnotes":""},"categories":[14],"tags":[],"class_list":["post-196464","post","type-post","status-publish","format-standard","hentry","category-vijesti"],"_links":{"self":[{"href":"https:\/\/www.pcnen.com\/portal\/wp-json\/wp\/v2\/posts\/196464","targetHints":{"allow":["GET"]}}],"collection":[{"href":"https:\/\/www.pcnen.com\/portal\/wp-json\/wp\/v2\/posts"}],"about":[{"href":"https:\/\/www.pcnen.com\/portal\/wp-json\/wp\/v2\/types\/post"}],"author":[{"embeddable":true,"href":"https:\/\/www.pcnen.com\/portal\/wp-json\/wp\/v2\/users\/1"}],"replies":[{"embeddable":true,"href":"https:\/\/www.pcnen.com\/portal\/wp-json\/wp\/v2\/comments?post=196464"}],"version-history":[{"count":0,"href":"https:\/\/www.pcnen.com\/portal\/wp-json\/wp\/v2\/posts\/196464\/revisions"}],"wp:attachment":[{"href":"https:\/\/www.pcnen.com\/portal\/wp-json\/wp\/v2\/media?parent=196464"}],"wp:term":[{"taxonomy":"category","embeddable":true,"href":"https:\/\/www.pcnen.com\/portal\/wp-json\/wp\/v2\/categories?post=196464"},{"taxonomy":"post_tag","embeddable":true,"href":"https:\/\/www.pcnen.com\/portal\/wp-json\/wp\/v2\/tags?post=196464"}],"curies":[{"name":"wp","href":"https:\/\/api.w.org\/{rel}","templated":true}]}}