{"id":196458,"date":"2016-01-02T09:22:52","date_gmt":"2016-01-02T08:22:52","guid":{"rendered":"http:\/\/www.pcnen.com\/portal\/?p=196458"},"modified":"2016-01-02T09:22:52","modified_gmt":"2016-01-02T08:22:52","slug":"kineski-umjetnik-planira-podici-spomenik-izbjegllicama","status":"publish","type":"post","link":"https:\/\/www.pcnen.com\/portal\/2016\/01\/02\/kineski-umjetnik-planira-podici-spomenik-izbjegllicama\/","title":{"rendered":"Kineski umjetnik planira podi\u0107i spomenik izbjegllicama"},"content":{"rendered":"<p><img loading=\"lazy\" decoding=\"async\" class=\"alignright size-medium wp-image-192152\" src=\"http:\/\/www.pcnen.com\/portal\/wp-content\/uploads\/2015\/11\/Lezbos_izbjeglice-300x200.jpg\" alt=\"Lezbos_izbjeglice\" width=\"300\" height=\"200\" srcset=\"https:\/\/www.pcnen.com\/portal\/wp-content\/uploads\/2015\/11\/Lezbos_izbjeglice-300x200.jpg 300w, https:\/\/www.pcnen.com\/portal\/wp-content\/uploads\/2015\/11\/Lezbos_izbjeglice-580x387.jpg 580w, https:\/\/www.pcnen.com\/portal\/wp-content\/uploads\/2015\/11\/Lezbos_izbjeglice-450x300.jpg 450w, https:\/\/www.pcnen.com\/portal\/wp-content\/uploads\/2015\/11\/Lezbos_izbjeglice-480x320.jpg 480w, https:\/\/www.pcnen.com\/portal\/wp-content\/uploads\/2015\/11\/Lezbos_izbjeglice-235x157.jpg 235w, https:\/\/www.pcnen.com\/portal\/wp-content\/uploads\/2015\/11\/Lezbos_izbjeglice-75x50.jpg 75w, https:\/\/www.pcnen.com\/portal\/wp-content\/uploads\/2015\/11\/Lezbos_izbjeglice-350x233.jpg 350w, https:\/\/www.pcnen.com\/portal\/wp-content\/uploads\/2015\/11\/Lezbos_izbjeglice-220x147.jpg 220w, https:\/\/www.pcnen.com\/portal\/wp-content\/uploads\/2015\/11\/Lezbos_izbjeglice.jpg 600w\" sizes=\"(max-width: 300px) 100vw, 300px\" \/>Kineski umjetnik Aj Vejvej je saop\u0161tio ju\u010de da \u0107e na gr\u010dkom ostrvu Lezbos napraviti memorijalni spomenik, kao podsje\u0107anje na tragi\u010dnu sudbinu izbjeglica koje poku\u0161avaju da preko Gr\u010dke do\u0111u do Zapadne Evrope.<\/p>\n<p>&#8220;Mnogi ljudi izgubili su \u017eivot na moru. Potreban je spomenik&#8221;, rekao je Aj Vejvej na konferenciji za novinare, prenosi Beta.<\/p>\n<p>On je kazao da je na Lezbosu ve\u0107 napravio atelje i da \u0107e mnogo njegovi studenti biti uklju\u010deni u projekat.<\/p>\n<p>Aj Vevej, koji ima 58 godina, ove nedjelje je posjetio izbeglice i imigrante koji su masovno do\u0161li na Lezbos iz Turske, a potom je na svom Tviter nalogu postavio njihove fotografije, kao svjedo\u010denje o onome kroz \u0161ta oni prolaze.<\/p>\n<p>Al Vevej je o\u0161tri kriti\u010dar kineskih vlasti. On je u julu ponovo dobio paso\u0161 koji mu je \u010detiri godine bio oduzet.<\/p>\n","protected":false},"excerpt":{"rendered":"<p>Kineski umjetnik Aj Vejvej je saop\u0161tio ju\u010de da \u0107e na gr\u010dkom ostrvu Lezbos napraviti memorijalni spomenik, kao podsje\u0107anje na tragi\u010dnu sudbinu izbjeglica koje poku\u0161avaju da preko Gr\u010dke do\u0111u do Zapadne Evrope. &#8220;Mnogi ljudi izgubili su \u017eivot na moru. Potreban je spomenik&#8221;, rekao je Aj Vejvej na konferenciji za novinare, prenosi Beta. On je kazao da [&hellip;]<\/p>\n","protected":false},"author":1,"featured_media":0,"comment_status":"open","ping_status":"closed","sticky":false,"template":"","format":"standard","meta":{"_seopress_robots_primary_cat":"","_seopress_titles_title":"","_seopress_titles_desc":"","_seopress_robots_index":"","_et_pb_use_builder":"","_et_pb_old_content":"","_et_gb_content_width":"","inline_featured_image":false,"footnotes":""},"categories":[14],"tags":[],"class_list":["post-196458","post","type-post","status-publish","format-standard","hentry","category-vijesti"],"_links":{"self":[{"href":"https:\/\/www.pcnen.com\/portal\/wp-json\/wp\/v2\/posts\/196458","targetHints":{"allow":["GET"]}}],"collection":[{"href":"https:\/\/www.pcnen.com\/portal\/wp-json\/wp\/v2\/posts"}],"about":[{"href":"https:\/\/www.pcnen.com\/portal\/wp-json\/wp\/v2\/types\/post"}],"author":[{"embeddable":true,"href":"https:\/\/www.pcnen.com\/portal\/wp-json\/wp\/v2\/users\/1"}],"replies":[{"embeddable":true,"href":"https:\/\/www.pcnen.com\/portal\/wp-json\/wp\/v2\/comments?post=196458"}],"version-history":[{"count":0,"href":"https:\/\/www.pcnen.com\/portal\/wp-json\/wp\/v2\/posts\/196458\/revisions"}],"wp:attachment":[{"href":"https:\/\/www.pcnen.com\/portal\/wp-json\/wp\/v2\/media?parent=196458"}],"wp:term":[{"taxonomy":"category","embeddable":true,"href":"https:\/\/www.pcnen.com\/portal\/wp-json\/wp\/v2\/categories?post=196458"},{"taxonomy":"post_tag","embeddable":true,"href":"https:\/\/www.pcnen.com\/portal\/wp-json\/wp\/v2\/tags?post=196458"}],"curies":[{"name":"wp","href":"https:\/\/api.w.org\/{rel}","templated":true}]}}