{"id":195521,"date":"2015-12-18T20:01:55","date_gmt":"2015-12-18T19:01:55","guid":{"rendered":"http:\/\/www.pcnen.com\/portal\/?p=195521"},"modified":"2015-12-18T20:02:30","modified_gmt":"2015-12-18T19:02:30","slug":"df-najavio-dva-protesta-u-podgorici","status":"publish","type":"post","link":"https:\/\/www.pcnen.com\/portal\/2015\/12\/18\/df-najavio-dva-protesta-u-podgorici\/","title":{"rendered":"DF najavio dva protesta u Podgorici"},"content":{"rendered":"<p>Demokratski front (DF) organizova\u0107e jo\u0161 dva uli\u010dna protesta, 20. i 23. decembra u Podgorici, sa zahtjevom da se formira prelazna vlada koja bi pripremila nove parlamentarne izbore u Crnoj Gori.<\/p>\n<p>Predsjednik Nove srpske demokratije Andrija Mandi\u0107 je na konferenciji za novinare pozvao predsjednika Politi\u010dkog savjeta vladaju\u0107e Demokrarske partije socijalista Svetozara Marovi\u0107a kome je odre\u0111en jednomjese\u010dni pritvor, da otvori srce i ka\u017ee sve \u0161ta je radio sa predsjednikom DPS i premijerom Milom \u0110ukanovi\u0107em u proteklom periodu.<\/p>\n<p>Nedavno je Nova srpska demokratija, \u010dlanica DF, sama organizovala protest protiv pristupanja Crne Gore NATO-u, bez prisustva njenog politi\u010dkog saveznika, Pokreta za promjene.<\/p>\n<p>Mandat sada\u0161njem poslani\u010dkom sastavu Skup\u0161tine Crne Gore isti\u010de 2016. godine.<\/p>\n<p>Predsednik Vlade i najja\u010de vladaju\u0107e Demokratske partije socijalista Milo \u0110ukanovi\u0107 je rekao da je 2016. izborna godina i da ne mo\u017ee biti rije\u010di o vanrednim parlamentarnim izborima, bez obzira na to kada \u0107e biti odr\u017eani u idu\u0107ih 12 mjeseci.<\/p>\n","protected":false},"excerpt":{"rendered":"<p>Demokratski front (DF) organizova\u0107e jo\u0161 dva uli\u010dna protesta, 20. i 23. decembra u Podgorici, sa zahtjevom da se formira prelazna vlada koja bi pripremila nove parlamentarne izbore u Crnoj Gori. Predsjednik Nove srpske demokratije Andrija Mandi\u0107 je na konferenciji za novinare pozvao predsjednika Politi\u010dkog savjeta vladaju\u0107e Demokrarske partije socijalista Svetozara Marovi\u0107a kome je odre\u0111en jednomjese\u010dni [&hellip;]<\/p>\n","protected":false},"author":1,"featured_media":0,"comment_status":"open","ping_status":"closed","sticky":false,"template":"","format":"standard","meta":{"_seopress_robots_primary_cat":"","_seopress_titles_title":"","_seopress_titles_desc":"","_seopress_robots_index":"","_et_pb_use_builder":"","_et_pb_old_content":"","_et_gb_content_width":"","inline_featured_image":false,"footnotes":""},"categories":[14],"tags":[],"class_list":["post-195521","post","type-post","status-publish","format-standard","hentry","category-vijesti"],"_links":{"self":[{"href":"https:\/\/www.pcnen.com\/portal\/wp-json\/wp\/v2\/posts\/195521","targetHints":{"allow":["GET"]}}],"collection":[{"href":"https:\/\/www.pcnen.com\/portal\/wp-json\/wp\/v2\/posts"}],"about":[{"href":"https:\/\/www.pcnen.com\/portal\/wp-json\/wp\/v2\/types\/post"}],"author":[{"embeddable":true,"href":"https:\/\/www.pcnen.com\/portal\/wp-json\/wp\/v2\/users\/1"}],"replies":[{"embeddable":true,"href":"https:\/\/www.pcnen.com\/portal\/wp-json\/wp\/v2\/comments?post=195521"}],"version-history":[{"count":0,"href":"https:\/\/www.pcnen.com\/portal\/wp-json\/wp\/v2\/posts\/195521\/revisions"}],"wp:attachment":[{"href":"https:\/\/www.pcnen.com\/portal\/wp-json\/wp\/v2\/media?parent=195521"}],"wp:term":[{"taxonomy":"category","embeddable":true,"href":"https:\/\/www.pcnen.com\/portal\/wp-json\/wp\/v2\/categories?post=195521"},{"taxonomy":"post_tag","embeddable":true,"href":"https:\/\/www.pcnen.com\/portal\/wp-json\/wp\/v2\/tags?post=195521"}],"curies":[{"name":"wp","href":"https:\/\/api.w.org\/{rel}","templated":true}]}}