{"id":195505,"date":"2015-12-18T18:03:41","date_gmt":"2015-12-18T17:03:41","guid":{"rendered":"http:\/\/www.pcnen.com\/portal\/?p=195505"},"modified":"2015-12-18T18:05:02","modified_gmt":"2015-12-18T17:05:02","slug":"kaljuga","status":"publish","type":"post","link":"https:\/\/www.pcnen.com\/portal\/2015\/12\/18\/kaljuga\/","title":{"rendered":"KALJUGA"},"content":{"rendered":"<p>Prije dva mjeseca sam najavio hap\u0161enje Marovi\u0107a do dobijanja pozivnice za NATO, najdu\u017ee do Nove godine. Prognoza mi se kao i mnoge obistinila: Marovi\u0107 je uhap\u0161en pod optu\u017ebom da je bio \u010dlan orginizovane grupe koja je o\u0161tetila bud\u017eet op\u0161tine Budve za nekoliko miliona eura.<\/p>\n<p>U aferi Budva su uhap\u0161eni dva biv\u0161a gradona\u010delnika, jedan poslanik, skoro cijela porodica Marovi\u0107.. Svi pod optu\u017ebom da su bili \u010dlanovi organizovane kriminalne grupe.<\/p>\n<p>Oni su bili funkcioneri DPS, a Marovi\u0107 je bio decenijama drugi \u010dovjek DPS-a. Optu\u017eeni su za milionske pronevjerje \u2013 to je valjda ono za \u0161to tu\u017eioci imaju dokaze, a cijela Crna Gora zna da su pronevjerili tj. ukrali po narodski &#8211; stotine miliona eura. Svi smo to znali i prije nego su krenula hap\u0161enja po Budvi, ali smo godinama \u010dekali \u201eda institucije odrade svoj posao\u201c.<\/p>\n<p>Sva Crna Gora zna i da su porodica \u0110ukanovi\u0107 i njima bliske osobe \u201epronevjerili\u201c (\u010ditaj pokrali) mnogo vi\u0161e. Da se tu vjerovatno radi o svoti od preko milijardu eura u maloj, siroma\u0161noj, ubijenoj i opusto\u0161enoj Crnoj Gori, ali, \u010dekamo \u201einstitucije\u201c i moramo po\u0161tovati prezumpciju nevinosti (tako nekako se to zove).<\/p>\n<p>Zbog afere \u201eSnimak\u201c i de\u0161avanja sa drugim \u010dovjekom DPS-a, biv\u0161im gradona\u010delnicima Budve, gradona\u010delnikom Bara, Nik\u0161i\u010da&#8230; u normalnoj dr\u017eavi bi bio zabranjen rad DPS kao organizacije a ne partije, koja je formirana radi zlo\u010dina\u010dkog udru\u017eivanja i plja\u010dke &#8211; kako izbora tako dobara gra\u0111ana Crne Gore, i zbog njenog protivustavnog djelovanja, ali&#8230; \u010cekamo institucije da odrade svoj posao.<\/p>\n<p>Uz sve navedeno, prvi \u010dovjek DPS-a je komandno odgovoran za ratni zlo\u010din deportacije BiH izbjeglica. Svaki pravnik laik to zna i to mu je jasno, i ja \u0107u ovu \u010dinjenicu stalno ponavljati, ali&#8230; \u010cekamo institucije.<\/p>\n<p>Ka\u017eu da su Gradona\u010delniku Podgorice i biv\u0161em ministru prosvjete (!!!) savjetovali da ne dr\u017ei govore \u201eiz svoje glave\u201c, ve\u0107 samo da \u010dita unaprijed pripremljene. On se toga uglavnom pridr\u017eava, zato imamo ribu za gradona\u010delnika. Ipak, ponekad mu se omakne da ne\u0161to ka\u017ee. Tako je ju\u010de, na otvaranju Centra za zavisnike izjavio: &#8220;U na\u0161em tradicionalnom dru\u0161tvu uloga \u017eene je posebna, veoma bitna, da je ona i supruga i majka, \u010desto i samohrana, i da se upravo zbog toga de\u0161ava da se i krug tih zavisnika \u0161iri.&#8221;<\/p>\n<p>Gradona\u010delnik je jedna obi\u010dna, te\u0161ka budala. Svi to znamo i vidimo ali to niko ne\u0107e javno da ka\u017ee. \u010covjek tih intelektualnih i drugih potencijala nam je uz to bio ministar prosvjete! Povra\u0107a mi se.<\/p>\n<p>I nije kriv on, ve\u0107 mi.<\/p>\n<p>Branko Radulovi\u0107 je poznat po juna\u010dkim pogibijama. Do sada je poginuo bezbroj puta, gutao \u0161ok bombe, uvijek bio u prvim redovima kada se ginulo, ali, kako ima devet \u017eivota, evo ga \u017eiv &#8211; Bogu hvala. Skoro je upao u redakciju \u201eVijesti\u201c, zamalo ih je sve pobio, ali, sre\u0107om, bio je zaboravio pi\u0161tolj (pomalo je zaboravan). Branko je ne samo najpametniji, ve\u0107 i najhrabriji Crnogorac. Uz to, sa Brijega od Mora\u010de je &#8211; \u0161to stalno potencira, a Brije\u010dani su, jel da, poznati tu\u010daro\u0161i. I Dra\u010dani (ja sam sa Dra\u010da). Kako je uvijek postojalo rivalstvo i tu\u010de izme\u0111u Brije\u010dana i Dra\u010dana, znam da \u0107e me sad Branko izazvati da se pobijemo, ili na dvoboj \u2013 takav je to junak, a i da odbrani \u010dast Brije\u010dana.<\/p>\n<p>Branko, ja sam Dra\u010dka pizda, ne ponosim se previ\u0161e \u0161to sam ro\u0111en i odrastao na Dra\u010du, i priznajem ti ga: ja\u010di si, i neuporedivo pametniji. Uz to, pati\u0161 se decenijama kao poslanik, i znam da ti ga nije lako, ali to sve radi\u0161 zbog nas \u2013 da bi nam bilo bolje. (Jednom je u mojem prisustvu izjavio: \u201e\u0160to \u0107e meni ovo da se patim kao poslanik, kada mogu smirom da u\u017eivam kao profesor\u201c).<\/p>\n<p>Goran Danilovi\u0107 izjavi sino\u0107 da je poslanik 14-15 godina (opozicioni, moja primjedba), te da mu se sada kao iskusnom politi\u010daru vi\u0161e ne mogu doga\u0111ati gre\u0161ke kakve ja opozicija nekada pravila.<\/p>\n<p>Danilovi\u0107u, poslije 15-godi\u0161njeg opozicionog sta\u017ea ti tra\u017ei\u0161 jo\u0161 jedan mandat, jel tako? Mijenjao si partije i ideologije kao \u010darape, retoriku, 15 godina nijesi uspjeo u svom osnovnom zadatku &#8211; da kao opozicija smijeni\u0161 ovakvu vlast, i tra\u017ei\u0161 da ti damo mandat jo\u0161 \u010detiri godine!<\/p>\n<p>Sprdaj se sa nama slobodno, mo\u017ee ti biti. Nijesi jedini. Takvi, ljuti, i decenijama nesmjenjivi opozicionari su i Mandi\u0107, Medojevi\u0107, Bulatovi\u0107, pomenuti Radulovi\u0107, Labudovi\u0107, Stani\u0107, Mili\u0107&#8230; Takvi su Milu najmiliji.<\/p>\n<p>-Pro\u010ditah na fejsbuku da je \u017darko Rak\u010devi\u0107 bio gost u nekoj TV emisiji kod Perice \u0110akovi\u0107a. Ponavljam, kod Perice \u0110akovi\u0107a! Jednog od najgorih ratnih hu\u0161ka\u010da iz 90-tih. A dobro se sje\u0107am \u0161to je isti \u017darko pre\u017eivjio zbog izlaganja u parlamentu povodom plja\u010dke i paljenja Dubrovnika. Morao je \u010dak da se skloni u Italiju neko vrijeme zbog toga. Gostovanjem kod Perice, na neki na\u010din, \u017darko je abolirao Pericu, Pericu, Pericu (jo\u0161 mi odzvanja Perica onog vremena). Sramno \u017darko. Makar danas ima\u0161 televizija da saop\u0161ti\u0161 svoje stavove a da ne ide\u0161 kod Perice. Ovo ti spo\u010ditavam kao poznaniku, prijatelju, i saborcu iz 90-tih. Me\u0111utim, znam kakvi su na\u0161i lideri. Svaku kritiku, \u010dak i onu najdobronamjerniju do\u017eivljavaju kao li\u010dnu, i li\u010dni napad. No, ne hajem za to. Prozivam ih sve, i prozivat \u0107u ih, pa neka me prozovu \u2013 ako imaju za\u0161to!<\/p>\n<p>Protesti i ogromna gra\u0111anska energija zahvaljuju\u0107i \u201emudrom\u201c vo\u0111enju istih od strane DF-a se polako gase, ostala opozicija je na kanabeu licemjernog, la\u017eljivog i prevarnog Krivokapi\u0107a \u2013 favorita \u201eVijesti\u201c i me\u0111unarodne zajednice. Milutin Simovi\u0107 je zadovoljan radnom grupom koja \u0107e vratiti povjerenje u izborni proces (opet \u0107e to uraditi institucije), a Be\u010di\u0107, Leki\u0107 i Rak\u010devi\u0107 izdaju saop\u0161tenje za saop\u0161tenjem. Milo hapsi umjesto da bude uhap\u0161en. \u017dene sa troje djece se onesvje\u0161\u0107uju od gu\u017evi u nepripremljenim \u201einstitucijama\u201c dok vade papire kako bi ostvarile naknadu po neodr\u017eivom, adekvatno nepripremljenom, diskriminatorskom, najgorem i najkontradiktornijem Zakonu donesenom poslednjih godina.<\/p>\n<p>Javni izvr\u0161itelji su naplatili ve\u0107 57 miliona eura dok gra\u0111ani sve \u010de\u0161\u0107e di\u017eu ruke na sebe, i dok se skoro svakodnevno de\u0161avaju samoubistva.<\/p>\n<p>Kaljuga. U nju su nas smjestili: mafija\u0161ka vlast, neznavena, profesionalna i politi\u010dki korumpirana opozicija, crnogorske \u201epatriote\u201c i nacionalisti svih vrsta i boja; la\u017eni intelektualci, akademici i ostala \u201eelita\u201c, neprofesionalni &#8211; interesni mediji, razni \u201elideri\u201c, i na kraju na\u0161i me\u0111unarodni \u201eprijatelji\u201c.<\/p>\n","protected":false},"excerpt":{"rendered":"<p>Prije dva mjeseca sam najavio hap\u0161enje Marovi\u0107a do dobijanja pozivnice za NATO, najdu\u017ee do Nove godine. Prognoza mi se kao i mnoge obistinila: Marovi\u0107 je uhap\u0161en pod optu\u017ebom da je bio \u010dlan orginizovane grupe koja je o\u0161tetila bud\u017eet op\u0161tine Budve za nekoliko miliona eura. U aferi Budva su uhap\u0161eni dva biv\u0161a gradona\u010delnika, jedan poslanik, skoro [&hellip;]<\/p>\n","protected":false},"author":12,"featured_media":0,"comment_status":"open","ping_status":"closed","sticky":false,"template":"","format":"standard","meta":{"_seopress_robots_primary_cat":"","_seopress_titles_title":"","_seopress_titles_desc":"","_seopress_robots_index":"","_et_pb_use_builder":"","_et_pb_old_content":"","_et_gb_content_width":"","inline_featured_image":false,"footnotes":""},"categories":[17],"tags":[],"class_list":["post-195505","post","type-post","status-publish","format-standard","hentry","category-blogovi"],"_links":{"self":[{"href":"https:\/\/www.pcnen.com\/portal\/wp-json\/wp\/v2\/posts\/195505","targetHints":{"allow":["GET"]}}],"collection":[{"href":"https:\/\/www.pcnen.com\/portal\/wp-json\/wp\/v2\/posts"}],"about":[{"href":"https:\/\/www.pcnen.com\/portal\/wp-json\/wp\/v2\/types\/post"}],"author":[{"embeddable":true,"href":"https:\/\/www.pcnen.com\/portal\/wp-json\/wp\/v2\/users\/12"}],"replies":[{"embeddable":true,"href":"https:\/\/www.pcnen.com\/portal\/wp-json\/wp\/v2\/comments?post=195505"}],"version-history":[{"count":0,"href":"https:\/\/www.pcnen.com\/portal\/wp-json\/wp\/v2\/posts\/195505\/revisions"}],"wp:attachment":[{"href":"https:\/\/www.pcnen.com\/portal\/wp-json\/wp\/v2\/media?parent=195505"}],"wp:term":[{"taxonomy":"category","embeddable":true,"href":"https:\/\/www.pcnen.com\/portal\/wp-json\/wp\/v2\/categories?post=195505"},{"taxonomy":"post_tag","embeddable":true,"href":"https:\/\/www.pcnen.com\/portal\/wp-json\/wp\/v2\/tags?post=195505"}],"curies":[{"name":"wp","href":"https:\/\/api.w.org\/{rel}","templated":true}]}}