{"id":195502,"date":"2015-12-18T17:59:49","date_gmt":"2015-12-18T16:59:49","guid":{"rendered":"http:\/\/www.pcnen.com\/portal\/?p=195502"},"modified":"2015-12-18T17:59:49","modified_gmt":"2015-12-18T16:59:49","slug":"dukanovic-nema-selektivne-pravde","status":"publish","type":"post","link":"https:\/\/www.pcnen.com\/portal\/2015\/12\/18\/dukanovic-nema-selektivne-pravde\/","title":{"rendered":"\u0110ukanovi\u0107: Nema selektivne pravde"},"content":{"rendered":"<p><img loading=\"lazy\" decoding=\"async\" class=\"alignright size-full wp-image-104744\" src=\"http:\/\/www.pcnen.com\/portal\/wp-content\/uploads\/2013\/01\/Milo-Djukanovic.jpg\" alt=\"Milo Djukanovic\" width=\"300\" height=\"173\" \/>Predsjednik Vlade Crne Gore i prvi \u010dovjek Demokratske partije socijalista Milo \u0110ukanovi\u0107 je izjavio danas da <a href=\"http:\/\/www.pcnen.com\/portal\/2015\/12\/17\/svetozar-marovic-ide-u-spuz-2\/\">slu\u010daj pritvaranja drugog \u010dovjeka vladaju\u0107e partije Svetozara Marovi\u0107a<\/a> pokazuje da u Crnoj Gori nema selektivne pravde i da institucije funkcioni\u0161u.<\/p>\n<p>\u201cOvo \u0161to se sada doga\u0111a, kroz pravosudni slu\u010daj vezan za Marovi\u0107a, potvr\u0111uje da dr\u017eava Crna Gora funkcioni\u0161e, da njene institucije obavljaju posao onako kako je predvi\u0111eno Ustavom i zakonom, da organi kojima je to u opisu posla pokazuju sumnju u odnosu na odre\u0111eni broj poslova u kojima oni smatraju da je u\u010destvovao Marovi\u0107\u201c, kazao je \u0110ukanovi\u0107 novinarima u Privrednoj komori.<\/p>\n<p>\u201cNema selektivne pravde, svi smo pojedina\u010dno dostupni ustavnom i pravosudnom sistemu dr\u017eave i svi smo u obavezi da se po istim pravilima suo\u010dimo sa tom okolno\u0161\u0107u i poku\u0161amo argumentima da doka\u017eemo da su te sumnje bez osnova\u201c, poru\u010dio je \u0110ukanovi\u0107.<\/p>\n<p>On je rekao da nema razloga da se pla\u0161i da bi ga Marovi\u0107, tokom istrage, mogao pomenuti u negativnom kontekstu.<\/p>\n","protected":false},"excerpt":{"rendered":"<p>Predsjednik Vlade Crne Gore i prvi \u010dovjek Demokratske partije socijalista Milo \u0110ukanovi\u0107 je izjavio danas da slu\u010daj pritvaranja drugog \u010dovjeka vladaju\u0107e partije Svetozara Marovi\u0107a pokazuje da u Crnoj Gori nema selektivne pravde i da institucije funkcioni\u0161u. \u201cOvo \u0161to se sada doga\u0111a, kroz pravosudni slu\u010daj vezan za Marovi\u0107a, potvr\u0111uje da dr\u017eava Crna Gora funkcioni\u0161e, da njene [&hellip;]<\/p>\n","protected":false},"author":1,"featured_media":0,"comment_status":"open","ping_status":"closed","sticky":false,"template":"","format":"standard","meta":{"_seopress_robots_primary_cat":"","_seopress_titles_title":"","_seopress_titles_desc":"","_seopress_robots_index":"","_et_pb_use_builder":"","_et_pb_old_content":"","_et_gb_content_width":"","inline_featured_image":false,"footnotes":""},"categories":[14],"tags":[],"class_list":["post-195502","post","type-post","status-publish","format-standard","hentry","category-vijesti"],"_links":{"self":[{"href":"https:\/\/www.pcnen.com\/portal\/wp-json\/wp\/v2\/posts\/195502","targetHints":{"allow":["GET"]}}],"collection":[{"href":"https:\/\/www.pcnen.com\/portal\/wp-json\/wp\/v2\/posts"}],"about":[{"href":"https:\/\/www.pcnen.com\/portal\/wp-json\/wp\/v2\/types\/post"}],"author":[{"embeddable":true,"href":"https:\/\/www.pcnen.com\/portal\/wp-json\/wp\/v2\/users\/1"}],"replies":[{"embeddable":true,"href":"https:\/\/www.pcnen.com\/portal\/wp-json\/wp\/v2\/comments?post=195502"}],"version-history":[{"count":0,"href":"https:\/\/www.pcnen.com\/portal\/wp-json\/wp\/v2\/posts\/195502\/revisions"}],"wp:attachment":[{"href":"https:\/\/www.pcnen.com\/portal\/wp-json\/wp\/v2\/media?parent=195502"}],"wp:term":[{"taxonomy":"category","embeddable":true,"href":"https:\/\/www.pcnen.com\/portal\/wp-json\/wp\/v2\/categories?post=195502"},{"taxonomy":"post_tag","embeddable":true,"href":"https:\/\/www.pcnen.com\/portal\/wp-json\/wp\/v2\/tags?post=195502"}],"curies":[{"name":"wp","href":"https:\/\/api.w.org\/{rel}","templated":true}]}}