{"id":194942,"date":"2015-12-10T22:09:26","date_gmt":"2015-12-10T21:09:26","guid":{"rendered":"http:\/\/www.pcnen.com\/portal\/?p=194942"},"modified":"2015-12-11T21:43:55","modified_gmt":"2015-12-11T20:43:55","slug":"vjetar-ce-slabiti-od-sredine-dana","status":"publish","type":"post","link":"https:\/\/www.pcnen.com\/portal\/2015\/12\/10\/vjetar-ce-slabiti-od-sredine-dana\/","title":{"rendered":"Vjetar \u0107e slabiti od sredine dana"},"content":{"rendered":"<p><img loading=\"lazy\" decoding=\"async\" class=\"alignright size-medium wp-image-194943\" src=\"http:\/\/www.pcnen.com\/portal\/wp-content\/uploads\/2015\/12\/vjetrovito-300x194.jpg\" alt=\"vjetrovito\" width=\"300\" height=\"194\" \/>Na jugu Crne Gore \u0107e u petak, 11. decembra, biti malo do umjereno obla\u010dno sa du\u017eim sun\u010danim intervalima, a na sjevernu \u0107e ponegdje padati slab snijeg, a popodne \u0107e po\u010deti da razvedrava.<\/p>\n<p>Sjeveroisto\u010dni i sjeverni vjetar bi\u0107e umjeren do poja\u010dan, a na krajnjem jugoistoku jak na udare. Vjetar \u0107e slabiti od sredine dana.<\/p>\n<p>Jutarnja temperatura vazduha kreta\u0107e se od -7 do 8, a najvi\u0161a dnevna od -2 do 15 stepeni.<\/p>\n<p>U Podgorici \u0107e biti prete\u017eno sun\u010dano; ujutru \u0107e biti mala ili umjerena obla\u010dnost. Umjeren do poja\u010dan sjeveroisto\u010dni vjetar \u0107e slabiti tokom dana. Jutarnja temperatura vazduha bi\u0107e oko 3, a najvi\u0161a dnevna oko 13 stepeni.<\/p>\n<p>Za vikend i naredna dva dana bi\u0107e prete\u017eno sun\u010dano u Crnoj Gori, uz slab do umjeren razvoj obla\u010dnosti tokom ponedjeljka i utorka.<\/p>\n","protected":false},"excerpt":{"rendered":"<p>Jutarnja temperatura vazduha kreta\u0107e se od -7 do 8, a najvi\u0161a dnevna od -2 do 15 stepeni.<\/p>\n","protected":false},"author":1,"featured_media":0,"comment_status":"open","ping_status":"closed","sticky":false,"template":"","format":"standard","meta":{"_seopress_robots_primary_cat":"","_seopress_titles_title":"","_seopress_titles_desc":"","_seopress_robots_index":"","_et_pb_use_builder":"","_et_pb_old_content":"","_et_gb_content_width":"","inline_featured_image":false,"footnotes":""},"categories":[14],"tags":[],"class_list":["post-194942","post","type-post","status-publish","format-standard","hentry","category-vijesti"],"_links":{"self":[{"href":"https:\/\/www.pcnen.com\/portal\/wp-json\/wp\/v2\/posts\/194942","targetHints":{"allow":["GET"]}}],"collection":[{"href":"https:\/\/www.pcnen.com\/portal\/wp-json\/wp\/v2\/posts"}],"about":[{"href":"https:\/\/www.pcnen.com\/portal\/wp-json\/wp\/v2\/types\/post"}],"author":[{"embeddable":true,"href":"https:\/\/www.pcnen.com\/portal\/wp-json\/wp\/v2\/users\/1"}],"replies":[{"embeddable":true,"href":"https:\/\/www.pcnen.com\/portal\/wp-json\/wp\/v2\/comments?post=194942"}],"version-history":[{"count":0,"href":"https:\/\/www.pcnen.com\/portal\/wp-json\/wp\/v2\/posts\/194942\/revisions"}],"wp:attachment":[{"href":"https:\/\/www.pcnen.com\/portal\/wp-json\/wp\/v2\/media?parent=194942"}],"wp:term":[{"taxonomy":"category","embeddable":true,"href":"https:\/\/www.pcnen.com\/portal\/wp-json\/wp\/v2\/categories?post=194942"},{"taxonomy":"post_tag","embeddable":true,"href":"https:\/\/www.pcnen.com\/portal\/wp-json\/wp\/v2\/tags?post=194942"}],"curies":[{"name":"wp","href":"https:\/\/api.w.org\/{rel}","templated":true}]}}