{"id":194494,"date":"2015-12-04T12:30:16","date_gmt":"2015-12-04T11:30:16","guid":{"rendered":"http:\/\/www.pcnen.com\/portal\/?p=194494"},"modified":"2015-12-04T23:14:15","modified_gmt":"2015-12-04T22:14:15","slug":"cajova-vremena","status":"publish","type":"post","link":"https:\/\/www.pcnen.com\/portal\/2015\/12\/04\/cajova-vremena\/","title":{"rendered":"\u010cajova vremena"},"content":{"rendered":"<p><img loading=\"lazy\" decoding=\"async\" class=\"alignright wp-image-194496 size-medium\" src=\"http:\/\/www.pcnen.com\/portal\/wp-content\/uploads\/2015\/12\/borat-300x231.jpg\" alt=\"B-2In Kazakhstan, Borat celebrates with his neighbors his planned visit to America.\" width=\"300\" height=\"231\" \/><\/p>\n<p>\u010cajo je moj kom\u0161ija, par godina stariji od mene, karakteristi\u010dne figure i profila: nizak, zdepast, uvijek neuredan \u2013 \u201csav glibav\u201c \u0161to bi rekli; stalno nasmijan i sklon \u0161alama, naj\u010de\u0161\u0107e neslanim. Zimi je isklju\u010divo nosio neprikladnu, flekavu, krznene bundu, ne\u0161to poput \u201ckana\u0111anke\u201c koja ga onako omanjeg cijelog \u201cpoklopi\u201c. Brkovi su mu davali neku vrstu naopakog \u0161meka. \u010cajo je falsifikat originalnog Borata iz istoimenog filma: i po interesovanjima, i po pona\u0161anju, i po izgledu &#8211; samo \u0161to je ni\u017ei.<\/p>\n<p>Dok sam bio mla\u0111i, povremeno su mi bili simpati\u010dni \u010cajovi \u201cpodvizi\u201c i zgode, ali to je trajalo kratko.<\/p>\n<p>\u010cajo je znao i da se potu\u010de u kafanama, onim kafanama za koje se zbog klijentele koja ih posje\u0107uje govorilo: da neko baci bombu na nju, nijedna majka ne bi zakukala.<\/p>\n<p>Veoma brzo sam shvatio da je on, \u0161to bi rekli onako narodski &#8211; jedna obi\u010dna budala.<\/p>\n<p>No, ispostavi\u0107e se da sam ja budala, a \u010cajo ugledni gra\u0111anin.<\/p>\n<p>Evo nekih \u010cajovih podviga kojih se sje\u0107am iz mladosti:<\/p>\n<p>-Kada bi pro\u0161la neka \u017eena u vidno drugom stanju, \u010cajo bi skoro uvijek prokomentarisao: \u201cVi\u0111i ove kurve\u201c. Na pitanje, za\u0161to je kurva, \u010cajo bi odgovorio: \u201cPa vi\u0111i joj stomak\u201c.<\/p>\n<p>-\u010cajov drug i kum je ponekad volio da popije, bio je boem i po\u0161ten momak, ali tako\u0111e bez kriterijuma. Par puta je \u010cajo i\u0161ao u sela blizu Podgorice da zajedno prose \u0111evojku za njega. Prosidba ne bi bila stvarna, znali su da \u0107e biti odbijeni, ali je to bio na\u010din da ih doma\u0107ini ugoste, poslu\u017ee pi\u0107em i mezom \u2013 \u0161to je i bio cilj \u201cprosidbe\u201c.<\/p>\n<p>-Svojevremeno, veoma davno, mislim negdje krajem 80-tih, uhva\u0107eni su neki momci iz naselja u kra\u0111i prodavnice. Na optu\u017eeni\u010dkoj klupi se na\u0161ao i \u010cajo, koji je bio osumnji\u010den da je od njih kupovao stvari iako je znao da su ukradene, me\u0111u njima i mesarski mlin. Pri\u010da ka\u017ee da je na pitanje sudije da li je istina da je od optu\u017eenih kupio ukradeni mlin za meso, \u010cajo dogovorio: \u201eJa kupio? Nije istina dru\u017ee sudija, \u0161to \u0107e meni mesarski mlin?\u201c. \u010cajo je tada radio kao mesar i imao svoju mesarsku prodavnicu.<\/p>\n<p>-Jednom je \u010cajo klao Kurban kod mene. Kako to ne mogu da gledam, rekao sam mu da sa\u010deka malo dok se udaljim. Na to je on hitro preklao ovna pred mojim o\u010dima i po\u010deo da se grhotom smije kada je vidio da sam po\u010deo unezvijereno da bje\u017eim i da me to klanje i \u0161iktanje krvi preklanog ovna potresalo.<\/p>\n<p>Uglavnom, \u010cajo je uvijek bio tip za sprdnju: s kojim su se sprdali, i koji se sprdao. Nikad ga niko nije uzimao za ozbiljno, a na njegov pomen bi govorili: \u201cPusti \u010caja budalu\u201c ili bi se samo nasmijali.<\/p>\n<p>Pro\u0161lo je puno vremena od tada, svako se zabavio svojim poslom ili jadom, prestao sam odavno da se dru\u017eim sa osobama iz naselje, te nijesam ni znao \u0161to se u njemu de\u0161ava. Ipak, nekako do\u0111e do mene da je \u010cajo postao predsjednik Mjesne zajednice. Nijesam mogao \u010dudu da se na\u010dudim. Zatim, doznajem da: \u201cto \u0161to ti \u010cajo mo\u017ee zavr\u0161iti ne mo\u017ee niko, od zaposlenja do drugih stvari. Kod gradona\u010delnika ulazi bez kucanja, a sa Milom je na ti\u201c. Bio sam BEZAZEKNUT \u2013 \u0161to bi rekao onaj poslanik Narodne stranke iz 90-tih, ali sam mislio da tu ima dosta onih, tipi\u010dno na\u0161ih, \u010dar\u0161ijskih pretjerivanja.<\/p>\n<p>Pred poslednje lokalne \u201cizbore\u201c u Podgorici vidim bilbord sa budu\u0107im gradona\u010delnikom Stijepovi\u0107em a na bilbordu tik do Stijepovi\u0107a \u010cajo. Najprije sam se uko\u010dio, pitaju\u0107i se da li mi se privi\u0111a. Zatim sam se onako uko\u010den, u centru grada po\u010deo krstiti iako sam musliman, sve gledaju\u0107i u bilbord. Prolaznici koji su me vidjeli i vjerovatno su komentarisali u sebi: \u201cGrehota je kakvih sve ludaka ima\u201c. I nijesu pogrije\u0161ili u dijagnozi: ja sam i ludak i budala, a ne \u010cajo.<\/p>\n<p>I istina je da \u010cajo nema toga \u0161to ne mo\u017ee zavr\u0161iti, kasnije sam za to dobio niz potvrda.<\/p>\n<p>Ovo su \u010cajova vremena.<\/p>\n","protected":false},"excerpt":{"rendered":"<p>\u010cajo je moj kom\u0161ija, par godina stariji od mene, karakteristi\u010dne figure i profila: nizak, zdepast, uvijek neuredan \u2013 \u201csav glibav\u201c \u0161to bi rekli; stalno nasmijan i sklon \u0161alama, naj\u010de\u0161\u0107e neslanim. Zimi je isklju\u010divo nosio neprikladnu, flekavu, krznene bundu, ne\u0161to poput \u201ckana\u0111anke\u201c koja ga onako omanjeg cijelog \u201cpoklopi\u201c. Brkovi su mu davali neku vrstu naopakog \u0161meka. [&hellip;]<\/p>\n","protected":false},"author":12,"featured_media":0,"comment_status":"open","ping_status":"closed","sticky":false,"template":"","format":"standard","meta":{"_seopress_robots_primary_cat":"","_seopress_titles_title":"","_seopress_titles_desc":"","_seopress_robots_index":"","_et_pb_use_builder":"","_et_pb_old_content":"","_et_gb_content_width":"","inline_featured_image":false,"footnotes":""},"categories":[17],"tags":[],"class_list":["post-194494","post","type-post","status-publish","format-standard","hentry","category-blogovi"],"_links":{"self":[{"href":"https:\/\/www.pcnen.com\/portal\/wp-json\/wp\/v2\/posts\/194494","targetHints":{"allow":["GET"]}}],"collection":[{"href":"https:\/\/www.pcnen.com\/portal\/wp-json\/wp\/v2\/posts"}],"about":[{"href":"https:\/\/www.pcnen.com\/portal\/wp-json\/wp\/v2\/types\/post"}],"author":[{"embeddable":true,"href":"https:\/\/www.pcnen.com\/portal\/wp-json\/wp\/v2\/users\/12"}],"replies":[{"embeddable":true,"href":"https:\/\/www.pcnen.com\/portal\/wp-json\/wp\/v2\/comments?post=194494"}],"version-history":[{"count":0,"href":"https:\/\/www.pcnen.com\/portal\/wp-json\/wp\/v2\/posts\/194494\/revisions"}],"wp:attachment":[{"href":"https:\/\/www.pcnen.com\/portal\/wp-json\/wp\/v2\/media?parent=194494"}],"wp:term":[{"taxonomy":"category","embeddable":true,"href":"https:\/\/www.pcnen.com\/portal\/wp-json\/wp\/v2\/categories?post=194494"},{"taxonomy":"post_tag","embeddable":true,"href":"https:\/\/www.pcnen.com\/portal\/wp-json\/wp\/v2\/tags?post=194494"}],"curies":[{"name":"wp","href":"https:\/\/api.w.org\/{rel}","templated":true}]}}