{"id":194344,"date":"2015-12-02T16:24:03","date_gmt":"2015-12-02T15:24:03","guid":{"rendered":"http:\/\/www.pcnen.com\/portal\/?p=194344"},"modified":"2015-12-02T16:25:38","modified_gmt":"2015-12-02T15:25:38","slug":"istorijski-dan-pozivnica-u-nato","status":"publish","type":"post","link":"https:\/\/www.pcnen.com\/portal\/2015\/12\/02\/istorijski-dan-pozivnica-u-nato\/","title":{"rendered":"Istorijski dan &#8211; pozivnica u NATO"},"content":{"rendered":"<p><a href=\"http:\/\/www.pcnen.com\/portal\/wp-content\/uploads\/2015\/12\/prosidba.jpg\"><img loading=\"lazy\" decoding=\"async\" class=\"alignleft size-full wp-image-194345\" src=\"http:\/\/www.pcnen.com\/portal\/wp-content\/uploads\/2015\/12\/prosidba.jpg\" alt=\"prosidba\" width=\"250\" height=\"228\" \/><\/a>Iako sam ogor\u010deni protivnik tog imperijalnog i ratnog saveza znao sam i pisao: i da \u0107emo dobiti pozivnicu, i da \u0107emo postati \u010dlan. Naravno, na\u0161e \u010dlanstvo je interes SAD i NATO kao jedine evropske dr\u017eave koja izlazi na Mediteran a koja nije \u010dlan, i ni mnogo ja\u010de dr\u017eave od na\u0161e se ne mogu suprotstaviti odlukama svjetskih imperijalista, neokolinijalisa i neofa\u0161ista.<\/p>\n<p>Pri\u010de \u201ezapadnih demokrata\u201c o ispunjavanju standarda za u\u010dlanjenje su, znao sam, pri\u010de za malu djecu: Standardi koje su sami kao proklomovali su: funkcionalna demokratija (imamo nikada promijenjenu vlast, a osnov bilo kakve demokratije je smjenjivost vlasti), vladavina prava (vidimo je na svakom koraku i na svakom mjestu. Li\u010dno, makar jednom mjese\u010dno pi\u0161em \u201einstitucijama\u201c &#8211; sve sa dokazima, o \u201evladavini prava\u201c sa kojom se svakodnevno susre\u0107em, i sve ostane uglavnom na tome), podr\u0161ka javnog mnjenja u\u010dlanjenju (referenduma ne\u0107e biti iako je to istorijska i sudbonosna odluka &#8211; kako ka\u017eu).<\/p>\n<p>DPS slavi, jer: \u201ePozivnicom za punopravno \u010dlanstvo u NATO, Crna Gora je danas sebi obezbijedila sigurnu budu\u0107nost, bezbjednost i razvoj\u201d.<\/p>\n<p>Ovo saop\u0161tenje DPS je kopija saop\u0161tenja kada su odlu\u010dili da ostanemo u SFRJ, kada se formirala SRJ, zatim SiCG, kada je progla\u0161ena Ekolo\u0161ka dr\u017eava Crna Gora, suverena Crna Gora. Uvijek je to bio put u sigurnu budu\u0107nost, bezbjednost i razvoj. Vidjeli smo kako to izgleda na djelu.<\/p>\n<p>Ovo je pozovnica za banket nekom ko nema novca da kupi sebi odijelo za njega, jer danas ve\u0107ina gra\u0111ana nema ni toliko da se pristojno obu\u010de.<\/p>\n<p>Dan prije dobijanja pozivnice Krivokapi\u0107 je pozvao opoziciju na pregovore oko \u201cizgradnje povjerenja u izborni proces\u201d. Tek treba da gradimo povjerenje u izborni proces u dr\u017eavi koja je ispunila NATO standarde!?<\/p>\n<p>Opozicija se odazvala, iako je isti, \u201cprincipijelni\u201d Krivokapi\u0107, izjavljivao da \u0107e raskinuti koaliciju sa DPS-om \u010dim dobijemo pozivnicu. Dogovorili su da se formiraju radnu grupu (opa bato, radna grupa!), koja \u0107e pratiti, primjenjivati, graditi povjerenje\u2026 A raskid koalicije, a tehni\u010dka vlada koja \u0107e pipremiti prve slobodne i fer izbore? Umjesto toga, imam\u0107emo radne grupe, koje, poznato je iz dosada\u0161nje prakse, uvijek rije\u0161e probleme!<\/p>\n<p>Kako sam siguran da je i opoziciji nezvani\u010dno potrvr\u0111eno da poziv sti\u017ee, zar nije bilo logi\u010dno da tra\u017ee odga\u0111anje sastanka za dan &#8211; dva, do zvani\u010dne potvrde poziva, a onda da se u pregovore u\u0111e sa zahjevom da Krivokapi\u0107 ispuni obe\u0107anje: raskine koaliciju i da se formira tehni\u010dka vlada koja \u0107e organizovati prve slobodne izbore?<\/p>\n<p>Ali\u2026<\/p>\n<p>\u0160to sad?<\/p>\n<p>Sad \u0107e \u0110ukanovi\u0107 i DPS samo da trube o \u201cistorijskom danu i odluci\u201d i njihovim zaslugama za to, i na tome \u0107e graditi 90% predizborne kampanje (nemaju na \u010demu drugom). Mili\u0107, pogotovu Mandi\u0107 \u0107e se \u201cdo zadnjeg boriti i ginuti\u201d da ipak ne u\u0111emo u NATO, iako znaju koliko i ja da je to gotova stvar. Za\u0161to \u0107e onda to raditi, i i\u0107i na ruku DPS-u? Zato jer ih ne interesuje smjena vlasti ve\u0107 broj mandata, a na toj retorici \u0107e ih zaraditi.<\/p>\n<p>Ostala opozicija, bez manevarskog prostora, \u0107e vagati: bi\u0107e i tamo i ovamo, ni tamo ni ovamo, a i sama \u0107e biti ulovljena u pri\u010du o NATO, iako gra\u0111ane sad, prije svega, interesuje pobolj\u0161anje standarda, zaposlenosti, pravna dr\u017eava, smjena ovih decenijskih plja\u010dka\u0161a i uni\u0161titelja svega \u010dega su se dotakli.<\/p>\n<p>Ako me\u0111unarodni faktor vidi da Krivokapi\u0107u kao njihovom novom favoritu ne mo\u017ee da \u201cnapumpa\u201d podr\u0161ku kakva je po\u017eeljna, a ostala opozicija bude poku\u0161ala da ko\u010di ono \u0161to su ovi zacrtali \u2013 formalno u\u010dlanjenje u NATO, re\u0107i \u0107e \u0110ukanovi\u0107u: kradi jo\u0161 vi\u0161e, pritiskaj jo\u0161 bolje, manipuli\u0161i do besvjesti, mi \u0107emo kao uvijek ocijeniti da su vam izbori bili uglavnom fer i demokratski.<\/p>\n<p>Vi\u0161e ne znam ko je vi\u0161e licemjeran i pokvaren: me\u0111unarodna zajednica, ovaj re\u017eim, ili ve\u0107i dio opozicije.<\/p>\n","protected":false},"excerpt":{"rendered":"<p>Iako sam ogor\u010deni protivnik tog imperijalnog i ratnog saveza znao sam i pisao: i da \u0107emo dobiti pozivnicu, i da \u0107emo postati \u010dlan. Naravno, na\u0161e \u010dlanstvo je interes SAD i NATO kao jedine evropske dr\u017eave koja izlazi na Mediteran a koja nije \u010dlan, i ni mnogo ja\u010de dr\u017eave od na\u0161e se ne mogu suprotstaviti odlukama [&hellip;]<\/p>\n","protected":false},"author":12,"featured_media":0,"comment_status":"open","ping_status":"closed","sticky":false,"template":"","format":"standard","meta":{"_seopress_robots_primary_cat":"","_seopress_titles_title":"","_seopress_titles_desc":"","_seopress_robots_index":"","_et_pb_use_builder":"","_et_pb_old_content":"","_et_gb_content_width":"","inline_featured_image":false,"footnotes":""},"categories":[17],"tags":[],"class_list":["post-194344","post","type-post","status-publish","format-standard","hentry","category-blogovi"],"_links":{"self":[{"href":"https:\/\/www.pcnen.com\/portal\/wp-json\/wp\/v2\/posts\/194344","targetHints":{"allow":["GET"]}}],"collection":[{"href":"https:\/\/www.pcnen.com\/portal\/wp-json\/wp\/v2\/posts"}],"about":[{"href":"https:\/\/www.pcnen.com\/portal\/wp-json\/wp\/v2\/types\/post"}],"author":[{"embeddable":true,"href":"https:\/\/www.pcnen.com\/portal\/wp-json\/wp\/v2\/users\/12"}],"replies":[{"embeddable":true,"href":"https:\/\/www.pcnen.com\/portal\/wp-json\/wp\/v2\/comments?post=194344"}],"version-history":[{"count":0,"href":"https:\/\/www.pcnen.com\/portal\/wp-json\/wp\/v2\/posts\/194344\/revisions"}],"wp:attachment":[{"href":"https:\/\/www.pcnen.com\/portal\/wp-json\/wp\/v2\/media?parent=194344"}],"wp:term":[{"taxonomy":"category","embeddable":true,"href":"https:\/\/www.pcnen.com\/portal\/wp-json\/wp\/v2\/categories?post=194344"},{"taxonomy":"post_tag","embeddable":true,"href":"https:\/\/www.pcnen.com\/portal\/wp-json\/wp\/v2\/tags?post=194344"}],"curies":[{"name":"wp","href":"https:\/\/api.w.org\/{rel}","templated":true}]}}