{"id":193776,"date":"2015-11-24T23:31:35","date_gmt":"2015-11-24T22:31:35","guid":{"rendered":"http:\/\/www.pcnen.com\/portal\/?p=193776"},"modified":"2015-11-24T23:31:35","modified_gmt":"2015-11-24T22:31:35","slug":"pretezno-oblacno-sa-padavinama-3","status":"publish","type":"post","link":"https:\/\/www.pcnen.com\/portal\/2015\/11\/24\/pretezno-oblacno-sa-padavinama-3\/","title":{"rendered":"Prete\u017eno obla\u010dno sa padavinama"},"content":{"rendered":"<p><img loading=\"lazy\" decoding=\"async\" class=\"alignright size-medium wp-image-157609\" src=\"http:\/\/www.pcnen.com\/portal\/wp-content\/uploads\/2014\/09\/kisa-300x163.jpg\" alt=\"ki\u0161a\" width=\"300\" height=\"163\" \/>U srijedu, 25. novembra, u Crnoj Gori bi\u0107e prete\u017eno obla\u010dno, povremeno sa ki\u0161om i pljuskovima; na primorju bi\u0107e mogu\u0107a i grmljavina, a u vi\u0161im predjelima na sjeveru zemlje susnje\u017eica i snijeg. Krajem dana i tokom no\u0107i susnje\u017eica i snijeg o\u010dekuju se i u ni\u017eim predjelima na sjeveru.<\/p>\n<p>Uglavnom isto\u010dni vjetar bi\u0107e slab do umjeren, ponegdje kratkotrajno poja\u010dan.<\/p>\n<p>Jutarnja temperatura vazduha kreta\u0107e se od -2 do 11, a najvi\u0161a dnevna od 3 do 16 stepeni.<\/p>\n<p>U Podgorici \u0107e biti prete\u017eno obla\u010dno, povremeno sa ki\u0161om ili pljuskom. Jutarnja temperatura vazduha bi\u0107e oko 9, a najvi\u0161a dnevna do 14 stepeni.<\/p>\n<p>Metereolozi ka\u017eu da \u0107e naredna dva dana biti umjereno do potpuno obla\u010dno, povremeno sa padavinama. Na jugu zemlje bi\u0107e ki\u0161e, ponegdje i pljuskova i grmljavina, a na sjeveru \u0107e uglavnom padati susnje\u017eica i snijeg. U \u010detvrtak \u0107e vjetar po\u010deti da duva sa sjevera i sjeveroistoka i bi\u0107e poja\u010dan i jak, a na jugu \u0107e imati udare olujne ja\u010dine.<\/p>\n<p>U petak \u0107e, tokom dana, na jugu postepeno prestati padavina.<\/p>\n<p>Za dane vikenda na jugu \u0107e biti promjenljivo obla\u010dno sa sun\u010danim intervalima, a na sjeveru prete\u017eno obla\u010dno, s tim da \u0107e uglavnom u subotu mjestimi\u010dno biti slabih padavina. Vjetar \u0107e u subotu postepeno slabiti, kada \u0107e i temperature po\u010deti blago da raste.<\/p>\n","protected":false},"excerpt":{"rendered":"<p>Jutarnja temperatura vazduha kreta\u0107e se od -2 do 11, a najvi\u0161a dnevna od 3 do 16 stepeni.<\/p>\n","protected":false},"author":1,"featured_media":0,"comment_status":"open","ping_status":"closed","sticky":false,"template":"","format":"standard","meta":{"_seopress_robots_primary_cat":"","_seopress_titles_title":"","_seopress_titles_desc":"","_seopress_robots_index":"","_et_pb_use_builder":"","_et_pb_old_content":"","_et_gb_content_width":"","inline_featured_image":false,"footnotes":""},"categories":[14,12],"tags":[],"class_list":["post-193776","post","type-post","status-publish","format-standard","hentry","category-vijesti","category-prica-dana"],"_links":{"self":[{"href":"https:\/\/www.pcnen.com\/portal\/wp-json\/wp\/v2\/posts\/193776","targetHints":{"allow":["GET"]}}],"collection":[{"href":"https:\/\/www.pcnen.com\/portal\/wp-json\/wp\/v2\/posts"}],"about":[{"href":"https:\/\/www.pcnen.com\/portal\/wp-json\/wp\/v2\/types\/post"}],"author":[{"embeddable":true,"href":"https:\/\/www.pcnen.com\/portal\/wp-json\/wp\/v2\/users\/1"}],"replies":[{"embeddable":true,"href":"https:\/\/www.pcnen.com\/portal\/wp-json\/wp\/v2\/comments?post=193776"}],"version-history":[{"count":0,"href":"https:\/\/www.pcnen.com\/portal\/wp-json\/wp\/v2\/posts\/193776\/revisions"}],"wp:attachment":[{"href":"https:\/\/www.pcnen.com\/portal\/wp-json\/wp\/v2\/media?parent=193776"}],"wp:term":[{"taxonomy":"category","embeddable":true,"href":"https:\/\/www.pcnen.com\/portal\/wp-json\/wp\/v2\/categories?post=193776"},{"taxonomy":"post_tag","embeddable":true,"href":"https:\/\/www.pcnen.com\/portal\/wp-json\/wp\/v2\/tags?post=193776"}],"curies":[{"name":"wp","href":"https:\/\/api.w.org\/{rel}","templated":true}]}}