{"id":193760,"date":"2015-11-24T20:25:09","date_gmt":"2015-11-24T19:25:09","guid":{"rendered":"http:\/\/www.pcnen.com\/portal\/?p=193760"},"modified":"2015-11-24T20:25:09","modified_gmt":"2015-11-24T19:25:09","slug":"unicef-djeca-su-prve-zrtve-klimatskih-promjena","status":"publish","type":"post","link":"https:\/\/www.pcnen.com\/portal\/2015\/11\/24\/unicef-djeca-su-prve-zrtve-klimatskih-promjena\/","title":{"rendered":"UNICEF: Djeca su prve \u017ertve klimatskih promjena"},"content":{"rendered":"<p><img loading=\"lazy\" decoding=\"async\" class=\"alignright size-full wp-image-193761\" src=\"http:\/\/www.pcnen.com\/portal\/wp-content\/uploads\/2015\/11\/unicef.png\" alt=\"unicef\" width=\"225\" height=\"225\" \/>Djeca su prve \u017ertve globalnog otopljavanja, upozorava Me\u0111unarodni fond za djecu i omladinu (Unicef), navode\u0107i da 690 miliona djece \u017eivi u oblastima u kojima se posljedice klimatskih promjena najvi\u0161e osje\u0107aju.<\/p>\n<p>Oko 530 miliona djece \u017eivi u zemljama, mahom azijskih, koje su redovno na udaru katastrofalnih poplava, a 160 miliona njih u zonama velikih su\u0161a, prije svega u Africi, isti\u010de se u studiji koju je objavio Unicef, prenosi Tanjug.<\/p>\n<p>Broj djece izlo\u017eeno klimatskim opasnostima je zabrinjavaju\u0107i, napominje svjetska organizacija i dodaje da su &#8220;djeca ta koja \u0107e najvi\u0161e patiti zbog klimatskih promjena&#8221;.<\/p>\n<p>Ona ve\u0107 sada snose posljedice tih promjena, stoji u studiji.<\/p>\n<p>Ekstremni klimatski fenomeni, poja\u010dani porastom globalnih temperatura &#8211; uragani, poplave, su\u0161e, toplotni udari, ubrazavaju \u0161irenje dje\u010dijih bolesti kao \u0161to su malarija, neuhranjenost, akutna dijareja i upala plu\u0107a.<\/p>\n<p>Su\u0161a uni\u0161tava usjeve i uti\u010de na vrtoglavi rast cijena \u017eivotnih namirnica, pogor\u0161avaju\u0107i neuhranjenost koja je odgovorna za polovinu smrtnih slu\u010dajeva kod djece mla\u0111e od pet godina u svijetu, podsje\u0107a Unicef.<\/p>\n<p>Unicef zato smatra da treba dati &#8220;prioritet adaptaciji klimatskim promjenama kako bi se iza\u0161lo u susret potrebama najosjetljivijih \u010dlanova dru\u0161tva &#8211; djeci&#8221;.<\/p>\n","protected":false},"excerpt":{"rendered":"<p>Djeca su prve \u017ertve globalnog otopljavanja, upozorava Me\u0111unarodni fond za djecu i omladinu (Unicef), navode\u0107i da 690 miliona djece \u017eivi u oblastima u kojima se posljedice klimatskih promjena najvi\u0161e osje\u0107aju. Oko 530 miliona djece \u017eivi u zemljama, mahom azijskih, koje su redovno na udaru katastrofalnih poplava, a 160 miliona njih u zonama velikih su\u0161a, prije [&hellip;]<\/p>\n","protected":false},"author":1,"featured_media":0,"comment_status":"open","ping_status":"closed","sticky":false,"template":"","format":"standard","meta":{"_seopress_robots_primary_cat":"","_seopress_titles_title":"","_seopress_titles_desc":"","_seopress_robots_index":"","_et_pb_use_builder":"","_et_pb_old_content":"","_et_gb_content_width":"","inline_featured_image":false,"footnotes":""},"categories":[14,12],"tags":[],"class_list":["post-193760","post","type-post","status-publish","format-standard","hentry","category-vijesti","category-prica-dana"],"_links":{"self":[{"href":"https:\/\/www.pcnen.com\/portal\/wp-json\/wp\/v2\/posts\/193760","targetHints":{"allow":["GET"]}}],"collection":[{"href":"https:\/\/www.pcnen.com\/portal\/wp-json\/wp\/v2\/posts"}],"about":[{"href":"https:\/\/www.pcnen.com\/portal\/wp-json\/wp\/v2\/types\/post"}],"author":[{"embeddable":true,"href":"https:\/\/www.pcnen.com\/portal\/wp-json\/wp\/v2\/users\/1"}],"replies":[{"embeddable":true,"href":"https:\/\/www.pcnen.com\/portal\/wp-json\/wp\/v2\/comments?post=193760"}],"version-history":[{"count":0,"href":"https:\/\/www.pcnen.com\/portal\/wp-json\/wp\/v2\/posts\/193760\/revisions"}],"wp:attachment":[{"href":"https:\/\/www.pcnen.com\/portal\/wp-json\/wp\/v2\/media?parent=193760"}],"wp:term":[{"taxonomy":"category","embeddable":true,"href":"https:\/\/www.pcnen.com\/portal\/wp-json\/wp\/v2\/categories?post=193760"},{"taxonomy":"post_tag","embeddable":true,"href":"https:\/\/www.pcnen.com\/portal\/wp-json\/wp\/v2\/tags?post=193760"}],"curies":[{"name":"wp","href":"https:\/\/api.w.org\/{rel}","templated":true}]}}