{"id":193507,"date":"2015-11-21T11:10:41","date_gmt":"2015-11-21T10:10:41","guid":{"rendered":"http:\/\/www.pcnen.com\/portal\/?p=193507"},"modified":"2015-11-21T11:10:41","modified_gmt":"2015-11-21T10:10:41","slug":"pjesnika-osudili-na-smrt-zbog-otpadnistva-od-vjere","status":"publish","type":"post","link":"https:\/\/www.pcnen.com\/portal\/2015\/11\/21\/pjesnika-osudili-na-smrt-zbog-otpadnistva-od-vjere\/","title":{"rendered":"Pjesnika osudili na smrt zbog \u2018otpadni\u0161tva od vjere\u2019"},"content":{"rendered":"<p><img loading=\"lazy\" decoding=\"async\" class=\"alignright wp-image-193508 size-full\" title=\"Ashraf Fayad\/FB\" src=\"http:\/\/www.pcnen.com\/portal\/wp-content\/uploads\/2015\/11\/Ashraf_Fayad.jpg\" alt=\"Ashraf_Fayad\" width=\"276\" height=\"290\" srcset=\"https:\/\/www.pcnen.com\/portal\/wp-content\/uploads\/2015\/11\/Ashraf_Fayad.jpg 276w, https:\/\/www.pcnen.com\/portal\/wp-content\/uploads\/2015\/11\/Ashraf_Fayad-235x247.jpg 235w, https:\/\/www.pcnen.com\/portal\/wp-content\/uploads\/2015\/11\/Ashraf_Fayad-75x79.jpg 75w, https:\/\/www.pcnen.com\/portal\/wp-content\/uploads\/2015\/11\/Ashraf_Fayad-220x231.jpg 220w\" sizes=\"(max-width: 276px) 100vw, 276px\" \/>Palestinski pjesnik osu\u0111en je na smrt u Saudijskoj Arabiji zbog &#8220;otpadni\u0161tva od vjere&#8221;, saop\u0161tila je organizacija za ljudska prava Hjuman Rajts Vo\u010d (Human Rights Watch).<\/p>\n<p>Sud je u utorak osudio A\u0161rafa Fajada na smrtnu kaznu na koju je mogu\u0107a \u017ealba, rekao je Adam Kugle, \u010delnik nevladinih organizacija na Bliskom istoku.<\/p>\n<p>\u201cTo je prili\u010dno rijetko &#8211; da se nekoga osudi za apostaziju\u201d, rekao je Kugle, prenosi sarajevski Dnevni avaz.<\/p>\n<p>Prvostepenom presudom 2014. osu\u0111en je na \u010detiri godine zatvora i 800 udaraca bi\u010dem nakon tu\u017ebe koju je podiglo jedno udru\u017eenje.<\/p>\n<p>Fajad je, po svjedo\u010denju jedne osobe, govorio protiv Boga, a jedan vjerski \u010delnik ga je optu\u017eio za &#8220;svetogr\u0111e&#8221; u zbirci pjesama koju je napisao prije deset godina.<\/p>\n<p>Za otpadni\u0161tvo od vjere, kao i ubistvo, silovanje i trgovinu narkoticima mo\u017ee se dobiti smrtna kazna u toj zemlji koja primjenjuje strogu verziju \u0161erijata.<\/p>\n","protected":false},"excerpt":{"rendered":"<p>Palestinski pjesnik osu\u0111en je na smrt u Saudijskoj Arabiji zbog &#8220;otpadni\u0161tva od vjere&#8221;, saop\u0161tila je organizacija za ljudska prava Hjuman Rajts Vo\u010d (Human Rights Watch). Sud je u utorak osudio A\u0161rafa Fajada na smrtnu kaznu na koju je mogu\u0107a \u017ealba, rekao je Adam Kugle, \u010delnik nevladinih organizacija na Bliskom istoku. \u201cTo je prili\u010dno rijetko &#8211; [&hellip;]<\/p>\n","protected":false},"author":1,"featured_media":193508,"comment_status":"open","ping_status":"closed","sticky":false,"template":"","format":"standard","meta":{"_seopress_robots_primary_cat":"","_seopress_titles_title":"","_seopress_titles_desc":"","_seopress_robots_index":"","_et_pb_use_builder":"","_et_pb_old_content":"","_et_gb_content_width":"","inline_featured_image":false,"footnotes":""},"categories":[14,12],"tags":[],"class_list":["post-193507","post","type-post","status-publish","format-standard","has-post-thumbnail","hentry","category-vijesti","category-prica-dana"],"_links":{"self":[{"href":"https:\/\/www.pcnen.com\/portal\/wp-json\/wp\/v2\/posts\/193507","targetHints":{"allow":["GET"]}}],"collection":[{"href":"https:\/\/www.pcnen.com\/portal\/wp-json\/wp\/v2\/posts"}],"about":[{"href":"https:\/\/www.pcnen.com\/portal\/wp-json\/wp\/v2\/types\/post"}],"author":[{"embeddable":true,"href":"https:\/\/www.pcnen.com\/portal\/wp-json\/wp\/v2\/users\/1"}],"replies":[{"embeddable":true,"href":"https:\/\/www.pcnen.com\/portal\/wp-json\/wp\/v2\/comments?post=193507"}],"version-history":[{"count":0,"href":"https:\/\/www.pcnen.com\/portal\/wp-json\/wp\/v2\/posts\/193507\/revisions"}],"wp:featuredmedia":[{"embeddable":true,"href":"https:\/\/www.pcnen.com\/portal\/wp-json\/wp\/v2\/media\/193508"}],"wp:attachment":[{"href":"https:\/\/www.pcnen.com\/portal\/wp-json\/wp\/v2\/media?parent=193507"}],"wp:term":[{"taxonomy":"category","embeddable":true,"href":"https:\/\/www.pcnen.com\/portal\/wp-json\/wp\/v2\/categories?post=193507"},{"taxonomy":"post_tag","embeddable":true,"href":"https:\/\/www.pcnen.com\/portal\/wp-json\/wp\/v2\/tags?post=193507"}],"curies":[{"name":"wp","href":"https:\/\/api.w.org\/{rel}","templated":true}]}}